{"id":1489,"date":"2015-06-08T18:20:42","date_gmt":"2015-06-08T16:20:42","guid":{"rendered":"http:\/\/blogs.lyceecfadumene.fr\/tyanheol\/?p=1489"},"modified":"2015-06-08T18:20:42","modified_gmt":"2015-06-08T16:20:42","slug":"golf-a-pleneuf","status":"publish","type":"post","link":"http:\/\/blogs.lyceecfadumene.fr\/tyanheol\/2015\/06\/08\/golf-a-pleneuf\/","title":{"rendered":"Golf \u00e0 Pl\u00e9neuf"},"content":{"rendered":"<p>Quoi de mieux qu&rsquo;un bon bol d&rsquo;air avant les examens ? C&rsquo;est pour \u00e7a que l&rsquo;ALESA Ty An H\u00e9ol et l&rsquo;Association Sportive ont propos\u00e9 une initiation au golf, avec la mer pour toile de fond, puis pique-nique \u00e0 la plage. Elle est p\u00f4 belle, la vie ?<\/p>\n<p><span class=\"embed-youtube\" style=\"text-align:center; display: block;\"><iframe loading=\"lazy\" class=\"youtube-player\" width=\"604\" height=\"340\" src=\"https:\/\/www.youtube.com\/embed\/MSHJbXbyeoA?version=3&#038;rel=1&#038;showsearch=0&#038;showinfo=1&#038;iv_load_policy=1&#038;fs=1&#038;hl=fr-FR&#038;autohide=2&#038;wmode=transparent\" allowfullscreen=\"true\" style=\"border:0;\" sandbox=\"allow-scripts allow-same-origin allow-popups allow-presentation allow-popups-to-escape-sandbox\"><\/iframe><\/span><\/p>\n<p>&nbsp;<\/p>\n","protected":false},"excerpt":{"rendered":"<p>Quoi de mieux qu&rsquo;un bon bol d&rsquo;air avant les examens ? C&rsquo;est pour \u00e7a que l&rsquo;ALESA Ty An H\u00e9ol et l&rsquo;Association Sportive ont propos\u00e9 une initiation au golf, avec la mer pour toile de fond, puis pique-nique \u00e0 la plage. Elle est p\u00f4 belle, la vie ? &nbsp;<\/p>\n","protected":false},"author":97,"featured_media":0,"comment_status":"open","ping_status":"open","sticky":false,"template":"","format":"standard","meta":{"_jetpack_memberships_contains_paid_content":false,"footnotes":"","jetpack_publicize_message":"","jetpack_publicize_feature_enabled":true,"jetpack_social_post_already_shared":true,"jetpack_social_options":{"image_generator_settings":{"template":"highway","default_image_id":0,"font":"","enabled":false},"version":2}},"categories":[15105,25439,1,9177,314],"tags":[9190,9183,4,9197,6,3645,25463,3643,8520],"class_list":["post-1489","post","type-post","status-publish","format-standard","hentry","category-association-sportive","category-education-socioculturelle","category-non-classe","category-sorties","category-videos","tag-activites","tag-base-de-loisirs","tag-lycee","tag-mercredi","tag-merdrignac","tag-sortie","tag-sorties","tag-ty-an-heol","tag-unss"],"aioseo_notices":[],"jetpack_publicize_connections":[],"jetpack_featured_media_url":"","jetpack_shortlink":"https:\/\/wp.me\/p1SrOO-o1","jetpack_sharing_enabled":true,"_links":{"self":[{"href":"http:\/\/blogs.lyceecfadumene.fr\/tyanheol\/wp-json\/wp\/v2\/posts\/1489","targetHints":{"allow":["GET"]}}],"collection":[{"href":"http:\/\/blogs.lyceecfadumene.fr\/tyanheol\/wp-json\/wp\/v2\/posts"}],"about":[{"href":"http:\/\/blogs.lyceecfadumene.fr\/tyanheol\/wp-json\/wp\/v2\/types\/post"}],"author":[{"embeddable":true,"href":"http:\/\/blogs.lyceecfadumene.fr\/tyanheol\/wp-json\/wp\/v2\/users\/97"}],"replies":[{"embeddable":true,"href":"http:\/\/blogs.lyceecfadumene.fr\/tyanheol\/wp-json\/wp\/v2\/comments?post=1489"}],"version-history":[{"count":0,"href":"http:\/\/blogs.lyceecfadumene.fr\/tyanheol\/wp-json\/wp\/v2\/posts\/1489\/revisions"}],"wp:attachment":[{"href":"http:\/\/blogs.lyceecfadumene.fr\/tyanheol\/wp-json\/wp\/v2\/media?parent=1489"}],"wp:term":[{"taxonomy":"category","embeddable":true,"href":"http:\/\/blogs.lyceecfadumene.fr\/tyanheol\/wp-json\/wp\/v2\/categories?post=1489"},{"taxonomy":"post_tag","embeddable":true,"href":"http:\/\/blogs.lyceecfadumene.fr\/tyanheol\/wp-json\/wp\/v2\/tags?post=1489"}],"curies":[{"name":"wp","href":"https:\/\/api.w.org\/{rel}","templated":true}]}}