{"id":1477,"date":"2015-06-08T19:02:22","date_gmt":"2015-06-08T17:02:22","guid":{"rendered":"http:\/\/blogs.lyceecfadumene.fr\/tyanheol\/?p=1477"},"modified":"2022-04-03T17:55:07","modified_gmt":"2022-04-03T15:55:07","slug":"decouverte-de-la-permaculture","status":"publish","type":"post","link":"http:\/\/blogs.lyceecfadumene.fr\/tyanheol\/2015\/06\/08\/decouverte-de-la-permaculture\/","title":{"rendered":"D\u00e9couverte de la permaculture"},"content":{"rendered":"<p>La classe de Premi\u00e8re Am\u00e9nagement Paysager est fi\u00e8re de vous pr\u00e9senter sa sortie pluridisciplinaire Am\u00e9nagement-Education socioculturelle, \u00e0 la d\u00e9couverte d&rsquo;un nouveau mode d&rsquo;am\u00e9nagement et de gestion, la permaculture :<\/p>\n<p><span class=\"embed-youtube\" style=\"text-align:center; display: block;\"><iframe loading=\"lazy\" class=\"youtube-player\" width=\"604\" height=\"340\" src=\"https:\/\/www.youtube.com\/embed\/Iks90NjXNEA?version=3&#038;rel=1&#038;showsearch=0&#038;showinfo=1&#038;iv_load_policy=1&#038;fs=1&#038;hl=fr-FR&#038;autohide=2&#038;wmode=transparent\" allowfullscreen=\"true\" style=\"border:0;\" sandbox=\"allow-scripts allow-same-origin allow-popups allow-presentation allow-popups-to-escape-sandbox\"><\/iframe><\/span><\/p>\n<p>\u00ab\u00a0En 1970, deux australiens ont cr\u00e9\u00e9 la permaculture. C&rsquo;est un nouveau concept permettant de se nourrir convenablement sans trop de pr\u00e9sence humaine. C&rsquo;est un proc\u00e9d\u00e9 durable dans le temps qui a \u00e9t\u00e9 cr\u00e9\u00e9 en se basant sur des faits observ\u00e9s dans la for\u00eat. Cela permet de prendre soin de la terre en laissant de la place aux diff\u00e9rents animaux et \u00e0 quelques adventices et donc de recr\u00e9er un \u00e9cosyst\u00e8me par l\u2019a-gradation de la nature. Ce proc\u00e9d\u00e9 enl\u00e8ve toute utilisation de produits phytosanitaires. Ce concept ram\u00e8ne l&rsquo;arbre au jardin alors qu&rsquo;avant on pr\u00e9f\u00e9rait les couper pour gagner de la place. Ce syst\u00e8me permet d&rsquo;optimiser de la place et donc de laisser des espaces pour les arbres. Certaines adventices peuvent \u00eatre utilis\u00e9es comme plantes m\u00e9dicinales.<\/p>\n<p>Nous remercions l&rsquo;intervenant, Gr\u00e9gory ROCHE, \u00e0 H\u00e9non, qui nous a pr\u00e9sent\u00e9 son jardin-for\u00eat de 4000m\u00b2. Au d\u00e9but de la journ\u00e9e, nous trouvions \u00e7a brouillon mais, suite \u00e0 ses explications, nous avons compris l&rsquo;enjeu et l&rsquo;utilit\u00e9 de ce type de jardin. Au final, nous avons trouv\u00e9 que c&rsquo;\u00e9tait une tr\u00e8s bonne chose et un beau jardin.\u00a0\u00bb<\/p>\n<p>Dimitri, Mathieu, Antoine<\/p>\n","protected":false},"excerpt":{"rendered":"<p>La classe de Premi\u00e8re Am\u00e9nagement Paysager est fi\u00e8re de vous pr\u00e9senter sa sortie pluridisciplinaire Am\u00e9nagement-Education socioculturelle, \u00e0 la d\u00e9couverte d&rsquo;un nouveau mode d&rsquo;am\u00e9nagement et de gestion, la permaculture : \u00ab\u00a0En 1970, deux australiens ont cr\u00e9\u00e9 la permaculture. C&rsquo;est un nouveau concept permettant de se nourrir convenablement sans trop de pr\u00e9sence humaine. C&rsquo;est un proc\u00e9d\u00e9 durable &hellip; <a href=\"http:\/\/blogs.lyceecfadumene.fr\/tyanheol\/2015\/06\/08\/decouverte-de-la-permaculture\/\" class=\"more-link\">Continuer la lecture de <span class=\"screen-reader-text\">D\u00e9couverte de la permaculture<\/span> <span class=\"meta-nav\">&rarr;<\/span><\/a><\/p>\n","protected":false},"author":97,"featured_media":0,"comment_status":"open","ping_status":"open","sticky":false,"template":"","format":"standard","meta":{"_jetpack_memberships_contains_paid_content":false,"footnotes":"","jetpack_publicize_message":"","jetpack_publicize_feature_enabled":true,"jetpack_social_post_already_shared":true,"jetpack_social_options":{"image_generator_settings":{"template":"highway","default_image_id":0,"font":"","enabled":false},"version":2}},"categories":[8569,25439,1,9203,9177,29432,314],"tags":[9190,25442,25452,25451,4,6,25453,9199,3645,25463],"class_list":["post-1477","post","type-post","status-publish","format-standard","hentry","category-agroequipement","category-education-socioculturelle","category-non-classe","category-sante","category-sorties","category-video2","category-videos","tag-activites","tag-bac-pro-amenagement-paysager","tag-jardin-foret","tag-la-pature-es-chenes","tag-lycee","tag-merdrignac","tag-permaculture","tag-recherche","tag-sortie","tag-sorties"],"aioseo_notices":[],"jetpack_publicize_connections":[],"jetpack_featured_media_url":"","jetpack_shortlink":"https:\/\/wp.me\/p1SrOO-nP","jetpack_sharing_enabled":true,"_links":{"self":[{"href":"http:\/\/blogs.lyceecfadumene.fr\/tyanheol\/wp-json\/wp\/v2\/posts\/1477","targetHints":{"allow":["GET"]}}],"collection":[{"href":"http:\/\/blogs.lyceecfadumene.fr\/tyanheol\/wp-json\/wp\/v2\/posts"}],"about":[{"href":"http:\/\/blogs.lyceecfadumene.fr\/tyanheol\/wp-json\/wp\/v2\/types\/post"}],"author":[{"embeddable":true,"href":"http:\/\/blogs.lyceecfadumene.fr\/tyanheol\/wp-json\/wp\/v2\/users\/97"}],"replies":[{"embeddable":true,"href":"http:\/\/blogs.lyceecfadumene.fr\/tyanheol\/wp-json\/wp\/v2\/comments?post=1477"}],"version-history":[{"count":1,"href":"http:\/\/blogs.lyceecfadumene.fr\/tyanheol\/wp-json\/wp\/v2\/posts\/1477\/revisions"}],"predecessor-version":[{"id":3212,"href":"http:\/\/blogs.lyceecfadumene.fr\/tyanheol\/wp-json\/wp\/v2\/posts\/1477\/revisions\/3212"}],"wp:attachment":[{"href":"http:\/\/blogs.lyceecfadumene.fr\/tyanheol\/wp-json\/wp\/v2\/media?parent=1477"}],"wp:term":[{"taxonomy":"category","embeddable":true,"href":"http:\/\/blogs.lyceecfadumene.fr\/tyanheol\/wp-json\/wp\/v2\/categories?post=1477"},{"taxonomy":"post_tag","embeddable":true,"href":"http:\/\/blogs.lyceecfadumene.fr\/tyanheol\/wp-json\/wp\/v2\/tags?post=1477"}],"curies":[{"name":"wp","href":"https:\/\/api.w.org\/{rel}","templated":true}]}}