{"id":1463,"date":"2015-05-22T14:09:44","date_gmt":"2015-05-22T12:09:44","guid":{"rendered":"http:\/\/blogs.lyceecfadumene.fr\/tyanheol\/?p=1463"},"modified":"2015-05-22T14:21:07","modified_gmt":"2015-05-22T12:21:07","slug":"classe-theatre","status":"publish","type":"post","link":"http:\/\/blogs.lyceecfadumene.fr\/tyanheol\/2015\/05\/22\/classe-theatre\/","title":{"rendered":"Classe th\u00e9\u00e2tre"},"content":{"rendered":"<p>Les <strong>1\u00e8res Bac Pro TCVA<\/strong> ont pr\u00e9sent\u00e9 la restitution de leurs cr\u00e9ations artistiques <strong>mardi<\/strong> en fin d&rsquo;apr\u00e8s-midi, devant la classe de <strong>2nde CVA<\/strong> (future classe qui sera impliqu\u00e9e dans ce projet) et en soir\u00e9e devant les <strong>\u00e9l\u00e8ves et apprentis<\/strong> volontaires. Vu la forte affluence, nous n&rsquo;avons pu accueillir tout le monde, c&rsquo;est dommage.<a href=\"https:\/\/blogs.lyceecfadumene.fr\/tyanheol\/2015\/05\/22\/classe-theatre\/classe_redim\/\" rel=\"attachment wp-att-1464\"><img data-recalc-dims=\"1\" loading=\"lazy\" decoding=\"async\" data-attachment-id=\"1464\" data-permalink=\"http:\/\/blogs.lyceecfadumene.fr\/tyanheol\/2015\/05\/22\/classe-theatre\/classe_redim\/\" data-orig-file=\"https:\/\/i0.wp.com\/blogs.lyceecfadumene.fr\/tyanheol\/files\/2015\/05\/classe_redim.jpg?fit=800%2C401\" data-orig-size=\"800,401\" data-comments-opened=\"1\" data-image-meta=\"{&quot;aperture&quot;:&quot;0&quot;,&quot;credit&quot;:&quot;&quot;,&quot;camera&quot;:&quot;&quot;,&quot;caption&quot;:&quot;&quot;,&quot;created_timestamp&quot;:&quot;0&quot;,&quot;copyright&quot;:&quot;&quot;,&quot;focal_length&quot;:&quot;0&quot;,&quot;iso&quot;:&quot;0&quot;,&quot;shutter_speed&quot;:&quot;0&quot;,&quot;title&quot;:&quot;&quot;,&quot;orientation&quot;:&quot;0&quot;}\" data-image-title=\"classe_redim\" data-image-description=\"\" data-image-caption=\"\" data-large-file=\"https:\/\/i0.wp.com\/blogs.lyceecfadumene.fr\/tyanheol\/files\/2015\/05\/classe_redim.jpg?fit=604%2C303\" class=\"alignleft size-full wp-image-1464\" src=\"https:\/\/i0.wp.com\/blogs.lyceecfadumene.fr\/tyanheol\/files\/2015\/05\/classe_redim.jpg?resize=604%2C303&#038;ssl=1\" alt=\"classe_redim\" width=\"604\" height=\"303\" srcset=\"https:\/\/i0.wp.com\/blogs.lyceecfadumene.fr\/tyanheol\/files\/2015\/05\/classe_redim.jpg?w=800 800w, https:\/\/i0.wp.com\/blogs.lyceecfadumene.fr\/tyanheol\/files\/2015\/05\/classe_redim.jpg?resize=300%2C150 300w, https:\/\/i0.wp.com\/blogs.lyceecfadumene.fr\/tyanheol\/files\/2015\/05\/classe_redim.jpg?resize=500%2C251 500w\" sizes=\"auto, (max-width: 604px) 100vw, 604px\" \/><\/a><\/p>\n<p>Ce projet <strong>\u00ab\u00a0classe th\u00e9\u00e2tre\u00a0\u00bb<\/strong> voit le jour gr\u00e2ce \u00e0 notre implication avec les <strong>partenaires culturels<\/strong> du territoire.<\/p>\n<p>D&rsquo;une part le <strong>Centre Culturel Mosa\u00efque<\/strong> de Collin\u00e9e, d&rsquo;autre part <strong>La Passerelle<\/strong>, sc\u00e8ne nationale de St Brieuc et aussi gr\u00e2ce au soutien du <strong>Conseil R\u00e9gional de Bretagne<\/strong> via Karta.<\/p>\n<p>Ce projet a commenc\u00e9 d\u00e8s Septembre par les <strong>visites des<\/strong><!--more--><strong> lieux de production et de diffusion culturelle<\/strong>. Les ateliers se sont organis\u00e9s cette ann\u00e9e en regroupements sous la forme de temps forts \u00e0 La Passerelle et au Lyc\u00e9e.<\/p>\n<p>Ce projet artistique pr\u00e9sente une dimension pluridisciplinaire puisqu&rsquo;il <strong>associe le fran\u00e7ais et l&rsquo;Education Socioculturelle<\/strong>. Par ailleurs, il optimise l&rsquo;approche des champs artistiques choisis avec la <strong>rencontre des artistes<\/strong> tant sur les lieux de spectacle que lors des pratiques artistiques. Ces derni\u00e8res concr\u00e9tisent des aspects qui sont \u00e0 la crois\u00e9e des programmes et qui requi\u00e8rent de <strong>multiples comp\u00e9tences<\/strong>.<\/p>\n<p>Ce temps de pratique est n\u00e9cessaire et appr\u00e9ci\u00e9 au vu des exigences de leur futur m\u00e9tier. Ainsi les \u00e9l\u00e8ves mettent en oeuvre des <strong>capacit\u00e9s de m\u00e9morisation et restitution<\/strong>, <strong>d&rsquo;expression orale et d&rsquo;expression corporelle<\/strong>, L&rsquo;encadrement artistique \u00e9tait accompagn\u00e9 par <strong>S\u00e9verine Gouret<\/strong>, danseuse contemporaine, chor\u00e9graphe et plasticienne et <strong>Paule Vernin<\/strong>, com\u00e9dienne ; toutes deux voltigeuses pour La Passerelle.<\/p>\n<p>La <strong>production artistique des \u00e9l\u00e8ves<\/strong> se d\u00e9cline \u00e0 partir du spectacle <strong>\u00ab\u00a0Contractions\u00a0\u00bb<\/strong> (texte du dramaturge Mike Bartlett) vu \u00e0 La Passerelle. \u00ab\u00a0Avec un humour f\u00e9roce, il pose la question du pouvoir de l&rsquo;entreprise dans la vie de ses salari\u00e9s\u00a0\u00bb. Spectacle pr\u00e9c\u00e9d\u00e9 par la rencontre de la metteur en sc\u00e8ne <strong>Anne Th\u00e9ron<\/strong> et de son assistante. Ainsi qu&rsquo;un bord de sc\u00e8ne \u00e0 l&rsquo;issue de la repr\u00e9sentation avec les com\u00e9diennes. Les \u00e9l\u00e8ves ont appr\u00e9ci\u00e9 ces rencontres. Ils <strong>d\u00e9couvraient<\/strong> un autre monde.<\/p>\n<p>Bel <strong>investissement<\/strong> dans le temps et <strong>travail intense<\/strong> pour un <strong>r\u00e9sultat de tr\u00e8s grande qualit\u00e9<\/strong>. Les \u00e9critures chor\u00e9graphiques et les mises en sc\u00e8nes des textes des \u00e9l\u00e8ves ont suscit\u00e9 <strong>beaucoup d&rsquo;\u00e9motions<\/strong> aupr\u00e8s des spectateurs.<\/p>\n","protected":false},"excerpt":{"rendered":"<p>Les 1\u00e8res Bac Pro TCVA ont pr\u00e9sent\u00e9 la restitution de leurs cr\u00e9ations artistiques mardi en fin d&rsquo;apr\u00e8s-midi, devant la classe de 2nde CVA (future classe qui sera impliqu\u00e9e dans ce projet) et en soir\u00e9e devant les \u00e9l\u00e8ves et apprentis volontaires. Vu la forte affluence, nous n&rsquo;avons pu accueillir tout le monde, c&rsquo;est dommage. Ce projet &hellip; <a href=\"http:\/\/blogs.lyceecfadumene.fr\/tyanheol\/2015\/05\/22\/classe-theatre\/\" class=\"more-link\">Continuer la lecture de <span class=\"screen-reader-text\">Classe th\u00e9\u00e2tre<\/span> <span class=\"meta-nav\">&rarr;<\/span><\/a><\/p>\n","protected":false},"author":43,"featured_media":0,"comment_status":"open","ping_status":"open","sticky":false,"template":"","format":"standard","meta":{"_jetpack_memberships_contains_paid_content":false,"footnotes":"","jetpack_publicize_message":"","jetpack_publicize_feature_enabled":true,"jetpack_social_post_already_shared":true,"jetpack_social_options":{"image_generator_settings":{"template":"highway","default_image_id":0,"font":"","enabled":false},"version":2}},"categories":[25439,5680],"tags":[25448,25461],"class_list":["post-1463","post","type-post","status-publish","format-standard","hentry","category-education-socioculturelle","category-theatre","tag-1ere-tcva","tag-theatre"],"aioseo_notices":[],"jetpack_publicize_connections":[],"jetpack_featured_media_url":"","jetpack_shortlink":"https:\/\/wp.me\/p1SrOO-nB","jetpack_sharing_enabled":true,"_links":{"self":[{"href":"http:\/\/blogs.lyceecfadumene.fr\/tyanheol\/wp-json\/wp\/v2\/posts\/1463","targetHints":{"allow":["GET"]}}],"collection":[{"href":"http:\/\/blogs.lyceecfadumene.fr\/tyanheol\/wp-json\/wp\/v2\/posts"}],"about":[{"href":"http:\/\/blogs.lyceecfadumene.fr\/tyanheol\/wp-json\/wp\/v2\/types\/post"}],"author":[{"embeddable":true,"href":"http:\/\/blogs.lyceecfadumene.fr\/tyanheol\/wp-json\/wp\/v2\/users\/43"}],"replies":[{"embeddable":true,"href":"http:\/\/blogs.lyceecfadumene.fr\/tyanheol\/wp-json\/wp\/v2\/comments?post=1463"}],"version-history":[{"count":0,"href":"http:\/\/blogs.lyceecfadumene.fr\/tyanheol\/wp-json\/wp\/v2\/posts\/1463\/revisions"}],"wp:attachment":[{"href":"http:\/\/blogs.lyceecfadumene.fr\/tyanheol\/wp-json\/wp\/v2\/media?parent=1463"}],"wp:term":[{"taxonomy":"category","embeddable":true,"href":"http:\/\/blogs.lyceecfadumene.fr\/tyanheol\/wp-json\/wp\/v2\/categories?post=1463"},{"taxonomy":"post_tag","embeddable":true,"href":"http:\/\/blogs.lyceecfadumene.fr\/tyanheol\/wp-json\/wp\/v2\/tags?post=1463"}],"curies":[{"name":"wp","href":"https:\/\/api.w.org\/{rel}","templated":true}]}}