{"id":1442,"date":"2015-04-16T11:02:33","date_gmt":"2015-04-16T09:02:33","guid":{"rendered":"http:\/\/blogs.lyceecfadumene.fr\/tyanheol\/?p=1442"},"modified":"2015-04-16T11:02:33","modified_gmt":"2015-04-16T09:02:33","slug":"une-fete-des-plantes-reussie-a-merdrignac","status":"publish","type":"post","link":"http:\/\/blogs.lyceecfadumene.fr\/tyanheol\/2015\/04\/16\/une-fete-des-plantes-reussie-a-merdrignac\/","title":{"rendered":"Une F\u00eate des Plantes r\u00e9ussie \u00e0 Merdrignac"},"content":{"rendered":"<p><strong>G<\/strong>r\u00e2ce aux \u00e9tudiants en BTS TC et aux am\u00e9nagements des Terminales Bac Pro AP, c&rsquo;est pr\u00e8s de 900 personnes qui ont pu appr\u00e9cier les talents du Lyc\u00e9e-CFA du Men\u00e9 pour l&rsquo;organisation et l&rsquo;animation de cet \u00e9v\u00e9nement qui, par le bouche-\u00e0-oreille, commence \u00e0 \u00eatre connu de tous. Rendez-vous l&rsquo;ann\u00e9e prochaine !<\/p>\n<p><img data-recalc-dims=\"1\" decoding=\"async\" src=\"https:\/\/i0.wp.com\/www.ouest-france.fr\/sites\/default\/files\/styles\/image-640x360\/public\/2015\/04\/09\/plus-de-900-personnes-la-fete-des-plantes-du-lycee-du-mene.jpg?w=604\" alt=\"Un grand choix de plantes \u00e9tait propos\u00e9 aux visiteurs.\" \/><\/p>\n<p>La journ\u00e9e en vid\u00e9o :<\/p>\n<p><span class=\"embed-youtube\" style=\"text-align:center; display: block;\"><iframe loading=\"lazy\" class=\"youtube-player\" width=\"604\" height=\"340\" src=\"https:\/\/www.youtube.com\/embed\/OULFtNfDiug?version=3&#038;rel=1&#038;showsearch=0&#038;showinfo=1&#038;iv_load_policy=1&#038;fs=1&#038;hl=fr-FR&#038;autohide=2&#038;wmode=transparent\" allowfullscreen=\"true\" style=\"border:0;\" sandbox=\"allow-scripts allow-same-origin allow-popups allow-presentation allow-popups-to-escape-sandbox\"><\/iframe><\/span><\/p>\n","protected":false},"excerpt":{"rendered":"<p>Gr\u00e2ce aux \u00e9tudiants en BTS TC et aux am\u00e9nagements des Terminales Bac Pro AP, c&rsquo;est pr\u00e8s de 900 personnes qui ont pu appr\u00e9cier les talents du Lyc\u00e9e-CFA du Men\u00e9 pour l&rsquo;organisation et l&rsquo;animation de cet \u00e9v\u00e9nement qui, par le bouche-\u00e0-oreille, commence \u00e0 \u00eatre connu de tous. Rendez-vous l&rsquo;ann\u00e9e prochaine ! La journ\u00e9e en vid\u00e9o :<\/p>\n","protected":false},"author":97,"featured_media":0,"comment_status":"open","ping_status":"open","sticky":false,"template":"","format":"standard","meta":{"_jetpack_memberships_contains_paid_content":false,"footnotes":"","jetpack_publicize_message":"","jetpack_publicize_feature_enabled":true,"jetpack_social_post_already_shared":true,"jetpack_social_options":{"image_generator_settings":{"template":"highway","default_image_id":0,"font":"","enabled":false},"version":2}},"categories":[13564,1,9177,314],"tags":[9190,6581,4,6],"class_list":["post-1442","post","type-post","status-publish","format-standard","hentry","category-france","category-non-classe","category-sorties","category-videos","tag-activites","tag-bts-tc","tag-lycee","tag-merdrignac"],"aioseo_notices":[],"jetpack_publicize_connections":[],"jetpack_featured_media_url":"","jetpack_shortlink":"https:\/\/wp.me\/p1SrOO-ng","jetpack_sharing_enabled":true,"_links":{"self":[{"href":"http:\/\/blogs.lyceecfadumene.fr\/tyanheol\/wp-json\/wp\/v2\/posts\/1442","targetHints":{"allow":["GET"]}}],"collection":[{"href":"http:\/\/blogs.lyceecfadumene.fr\/tyanheol\/wp-json\/wp\/v2\/posts"}],"about":[{"href":"http:\/\/blogs.lyceecfadumene.fr\/tyanheol\/wp-json\/wp\/v2\/types\/post"}],"author":[{"embeddable":true,"href":"http:\/\/blogs.lyceecfadumene.fr\/tyanheol\/wp-json\/wp\/v2\/users\/97"}],"replies":[{"embeddable":true,"href":"http:\/\/blogs.lyceecfadumene.fr\/tyanheol\/wp-json\/wp\/v2\/comments?post=1442"}],"version-history":[{"count":0,"href":"http:\/\/blogs.lyceecfadumene.fr\/tyanheol\/wp-json\/wp\/v2\/posts\/1442\/revisions"}],"wp:attachment":[{"href":"http:\/\/blogs.lyceecfadumene.fr\/tyanheol\/wp-json\/wp\/v2\/media?parent=1442"}],"wp:term":[{"taxonomy":"category","embeddable":true,"href":"http:\/\/blogs.lyceecfadumene.fr\/tyanheol\/wp-json\/wp\/v2\/categories?post=1442"},{"taxonomy":"post_tag","embeddable":true,"href":"http:\/\/blogs.lyceecfadumene.fr\/tyanheol\/wp-json\/wp\/v2\/tags?post=1442"}],"curies":[{"name":"wp","href":"https:\/\/api.w.org\/{rel}","templated":true}]}}