{"id":1334,"date":"2014-12-01T16:51:35","date_gmt":"2014-12-01T14:51:35","guid":{"rendered":"http:\/\/blogs.lyceecfadumene.fr\/tyanheol\/?p=1334"},"modified":"2022-04-03T17:55:08","modified_gmt":"2022-04-03T15:55:08","slug":"sortie-pirate-a-saint-malo","status":"publish","type":"post","link":"http:\/\/blogs.lyceecfadumene.fr\/tyanheol\/2014\/12\/01\/sortie-pirate-a-saint-malo\/","title":{"rendered":"Sortie pirate \u00e0 Saint-Malo"},"content":{"rendered":"<p><strong>V<\/strong>oil\u00e0 une apr\u00e8s-midi qui devrait ravir futurs ou actuels \u00e9l\u00e8ves, \u00e9tudiants ou apprentis en formation dans la fili\u00e8re Animalerie : mercredi 26 novembre 2014, visite du Grand Aquarium de Saint-Malo, parcours de toutes les mers du Monde, descente en sous-marin&#8230; et temps libre sur les remparts de la Cit\u00e9 corsaire&#8230; Le tout offert pour 3\u20ac seulement&#8230; \u00e7a vaut le coup d&rsquo;adh\u00e9rer \u00e0 l&rsquo;ALESA Ty An H\u00e9ol !<\/p>\n<p>La prochaine fois, ce sera ballade sur le littoral dans la baie de Saint-Brieuc, \u00e0 la grande plage des Rosaires.<\/p>\n<p>Pour la magie des yeux, plongez dans les bassins en vid\u00e9o :<\/p>\n<p><span class=\"embed-youtube\" style=\"text-align:center; display: block;\"><iframe loading=\"lazy\" class=\"youtube-player\" width=\"604\" height=\"340\" src=\"https:\/\/www.youtube.com\/embed\/q0wpiRW-jqM?version=3&#038;rel=1&#038;showsearch=0&#038;showinfo=1&#038;iv_load_policy=1&#038;fs=1&#038;hl=fr-FR&#038;autohide=2&#038;wmode=transparent\" allowfullscreen=\"true\" style=\"border:0;\" sandbox=\"allow-scripts allow-same-origin allow-popups allow-presentation allow-popups-to-escape-sandbox\"><\/iframe><\/span><\/p>\n","protected":false},"excerpt":{"rendered":"<p>Voil\u00e0 une apr\u00e8s-midi qui devrait ravir futurs ou actuels \u00e9l\u00e8ves, \u00e9tudiants ou apprentis en formation dans la fili\u00e8re Animalerie : mercredi 26 novembre 2014, visite du Grand Aquarium de Saint-Malo, parcours de toutes les mers du Monde, descente en sous-marin&#8230; et temps libre sur les remparts de la Cit\u00e9 corsaire&#8230; Le tout offert pour 3\u20ac &hellip; <a href=\"http:\/\/blogs.lyceecfadumene.fr\/tyanheol\/2014\/12\/01\/sortie-pirate-a-saint-malo\/\" class=\"more-link\">Continuer la lecture de <span class=\"screen-reader-text\">Sortie pirate \u00e0 Saint-Malo<\/span> <span class=\"meta-nav\">&rarr;<\/span><\/a><\/p>\n","protected":false},"author":97,"featured_media":0,"comment_status":"open","ping_status":"open","sticky":false,"template":"","format":"standard","meta":{"_jetpack_memberships_contains_paid_content":false,"footnotes":"","jetpack_publicize_message":"Sortie pirate \u00e0 Saint-Malo http:\/\/wp.me\/p1SrOO-lw","jetpack_publicize_feature_enabled":true,"jetpack_social_post_already_shared":true,"jetpack_social_options":{"image_generator_settings":{"template":"highway","default_image_id":0,"font":"","enabled":false},"version":2}},"categories":[13564,1,9177,29432,104],"tags":[9190,8236,4,9197,6,3645,3643,8242],"class_list":["post-1334","post","type-post","status-publish","format-standard","hentry","category-france","category-non-classe","category-sorties","category-video2","category-voyage","tag-activites","tag-foyer","tag-lycee","tag-mercredi","tag-merdrignac","tag-sortie","tag-ty-an-heol","tag-voyage-2"],"aioseo_notices":[],"jetpack_publicize_connections":[],"jetpack_featured_media_url":"","jetpack_shortlink":"https:\/\/wp.me\/p1SrOO-lw","jetpack_sharing_enabled":true,"_links":{"self":[{"href":"http:\/\/blogs.lyceecfadumene.fr\/tyanheol\/wp-json\/wp\/v2\/posts\/1334","targetHints":{"allow":["GET"]}}],"collection":[{"href":"http:\/\/blogs.lyceecfadumene.fr\/tyanheol\/wp-json\/wp\/v2\/posts"}],"about":[{"href":"http:\/\/blogs.lyceecfadumene.fr\/tyanheol\/wp-json\/wp\/v2\/types\/post"}],"author":[{"embeddable":true,"href":"http:\/\/blogs.lyceecfadumene.fr\/tyanheol\/wp-json\/wp\/v2\/users\/97"}],"replies":[{"embeddable":true,"href":"http:\/\/blogs.lyceecfadumene.fr\/tyanheol\/wp-json\/wp\/v2\/comments?post=1334"}],"version-history":[{"count":1,"href":"http:\/\/blogs.lyceecfadumene.fr\/tyanheol\/wp-json\/wp\/v2\/posts\/1334\/revisions"}],"predecessor-version":[{"id":3228,"href":"http:\/\/blogs.lyceecfadumene.fr\/tyanheol\/wp-json\/wp\/v2\/posts\/1334\/revisions\/3228"}],"wp:attachment":[{"href":"http:\/\/blogs.lyceecfadumene.fr\/tyanheol\/wp-json\/wp\/v2\/media?parent=1334"}],"wp:term":[{"taxonomy":"category","embeddable":true,"href":"http:\/\/blogs.lyceecfadumene.fr\/tyanheol\/wp-json\/wp\/v2\/categories?post=1334"},{"taxonomy":"post_tag","embeddable":true,"href":"http:\/\/blogs.lyceecfadumene.fr\/tyanheol\/wp-json\/wp\/v2\/tags?post=1334"}],"curies":[{"name":"wp","href":"https:\/\/api.w.org\/{rel}","templated":true}]}}