{"id":1332,"date":"2014-11-25T16:44:14","date_gmt":"2014-11-25T14:44:14","guid":{"rendered":"http:\/\/blogs.lyceecfadumene.fr\/tyanheol\/?p=1332"},"modified":"2014-11-25T16:44:14","modified_gmt":"2014-11-25T14:44:14","slug":"formation-des-delegues","status":"publish","type":"post","link":"http:\/\/blogs.lyceecfadumene.fr\/tyanheol\/2014\/11\/25\/formation-des-delegues\/","title":{"rendered":"Formation des D\u00e9l\u00e9gu\u00e9s"},"content":{"rendered":"<p><strong>C<\/strong>omme chaque ann\u00e9e, le Lyc\u00e9e-CFA du Men\u00e9 a organis\u00e9 une session de formation des D\u00e9l\u00e9gu\u00e9s \u00e0 l&rsquo;attention des d\u00e9l\u00e9gu\u00e9s de classe et des \u00e9l\u00e8ves, \u00e9tudiants et apprentis repr\u00e9sentants aux diff\u00e9rents Conseils de l\u2019\u00c9tablissement. Au programme, des ateliers pour apprendre \u00e0 s&rsquo;exprimer en groupe, \u00e0 prendre la parole, \u00e0 d\u00e9fendre les int\u00e9r\u00eats de ses camarades, et \u00e0 agir dans un souci de confidentialit\u00e9, de solidarit\u00e9 et d&rsquo;entraide. Mais le mieux est de voir \u00e7a en images :<\/p>\n<p><span class=\"embed-youtube\" style=\"text-align:center; display: block;\"><iframe loading=\"lazy\" class=\"youtube-player\" width=\"604\" height=\"340\" src=\"https:\/\/www.youtube.com\/embed\/9u50xmqckRM?version=3&#038;rel=1&#038;showsearch=0&#038;showinfo=1&#038;iv_load_policy=1&#038;fs=1&#038;hl=fr-FR&#038;autohide=2&#038;wmode=transparent\" allowfullscreen=\"true\" style=\"border:0;\" sandbox=\"allow-scripts allow-same-origin allow-popups allow-presentation allow-popups-to-escape-sandbox\"><\/iframe><\/span><\/p>\n","protected":false},"excerpt":{"rendered":"<p>Comme chaque ann\u00e9e, le Lyc\u00e9e-CFA du Men\u00e9 a organis\u00e9 une session de formation des D\u00e9l\u00e9gu\u00e9s \u00e0 l&rsquo;attention des d\u00e9l\u00e9gu\u00e9s de classe et des \u00e9l\u00e8ves, \u00e9tudiants et apprentis repr\u00e9sentants aux diff\u00e9rents Conseils de l\u2019\u00c9tablissement. Au programme, des ateliers pour apprendre \u00e0 s&rsquo;exprimer en groupe, \u00e0 prendre la parole, \u00e0 d\u00e9fendre les int\u00e9r\u00eats de ses camarades, et &hellip; <a href=\"http:\/\/blogs.lyceecfadumene.fr\/tyanheol\/2014\/11\/25\/formation-des-delegues\/\" class=\"more-link\">Continuer la lecture de <span class=\"screen-reader-text\">Formation des D\u00e9l\u00e9gu\u00e9s<\/span> <span class=\"meta-nav\">&rarr;<\/span><\/a><\/p>\n","protected":false},"author":97,"featured_media":0,"comment_status":"open","ping_status":"open","sticky":false,"template":"","format":"standard","meta":{"_jetpack_memberships_contains_paid_content":false,"footnotes":"","jetpack_publicize_message":"","jetpack_publicize_feature_enabled":true,"jetpack_social_post_already_shared":true,"jetpack_social_options":{"image_generator_settings":{"template":"highway","default_image_id":0,"font":"","enabled":false},"version":2}},"categories":[1,9203,9177,314],"tags":[9190,25425,5685,4,6,3645],"class_list":["post-1332","post","type-post","status-publish","format-standard","hentry","category-non-classe","category-sante","category-sorties","category-videos","tag-activites","tag-delegues","tag-formation","tag-lycee","tag-merdrignac","tag-sortie"],"aioseo_notices":[],"jetpack_publicize_connections":[],"jetpack_featured_media_url":"","jetpack_shortlink":"https:\/\/wp.me\/p1SrOO-lu","jetpack_sharing_enabled":true,"_links":{"self":[{"href":"http:\/\/blogs.lyceecfadumene.fr\/tyanheol\/wp-json\/wp\/v2\/posts\/1332","targetHints":{"allow":["GET"]}}],"collection":[{"href":"http:\/\/blogs.lyceecfadumene.fr\/tyanheol\/wp-json\/wp\/v2\/posts"}],"about":[{"href":"http:\/\/blogs.lyceecfadumene.fr\/tyanheol\/wp-json\/wp\/v2\/types\/post"}],"author":[{"embeddable":true,"href":"http:\/\/blogs.lyceecfadumene.fr\/tyanheol\/wp-json\/wp\/v2\/users\/97"}],"replies":[{"embeddable":true,"href":"http:\/\/blogs.lyceecfadumene.fr\/tyanheol\/wp-json\/wp\/v2\/comments?post=1332"}],"version-history":[{"count":0,"href":"http:\/\/blogs.lyceecfadumene.fr\/tyanheol\/wp-json\/wp\/v2\/posts\/1332\/revisions"}],"wp:attachment":[{"href":"http:\/\/blogs.lyceecfadumene.fr\/tyanheol\/wp-json\/wp\/v2\/media?parent=1332"}],"wp:term":[{"taxonomy":"category","embeddable":true,"href":"http:\/\/blogs.lyceecfadumene.fr\/tyanheol\/wp-json\/wp\/v2\/categories?post=1332"},{"taxonomy":"post_tag","embeddable":true,"href":"http:\/\/blogs.lyceecfadumene.fr\/tyanheol\/wp-json\/wp\/v2\/tags?post=1332"}],"curies":[{"name":"wp","href":"https:\/\/api.w.org\/{rel}","templated":true}]}}