{"id":1128,"date":"2014-11-06T15:53:23","date_gmt":"2014-11-06T13:53:23","guid":{"rendered":"http:\/\/blogs.lyceecfadumene.fr\/tyanheol\/?p=1128"},"modified":"2014-11-06T15:53:23","modified_gmt":"2014-11-06T13:53:23","slug":"une-sortie-en-chasse-une-autre","status":"publish","type":"post","link":"http:\/\/blogs.lyceecfadumene.fr\/tyanheol\/2014\/11\/06\/une-sortie-en-chasse-une-autre\/","title":{"rendered":"Une sortie en chasse une autre"},"content":{"rendered":"<p><strong>C<\/strong>ette semaine-l\u00e0, d\u00e9couverte du Parc animalier et du Jardin Potager du Ch\u00e2teau de la Bourbansais, \u00e0 Pleugueneuc, en Ille-et-Vilaine. Et plein de nouveaut\u00e9s cette ann\u00e9e. Entre autres :<\/p>\n<p>&#8211; la for\u00eat de rennes, avec\u00a01 m\u00e2le et 3 femelles en provenance de parcs zoologiques de Berlin, Bern, et Arnhem, dans un enclos bois\u00e9 nouvellement am\u00e9nag\u00e9&#8230; Pr\u00e9sent dans 17 Parcs zoologiques de l\u2019Europe du Nord, le Renne des for\u00eats n\u2019existe que dans deux petites populations en Finlande et en Russie apr\u00e8s avoir fr\u00f4l\u00e9 l\u2019extinction dans les ann\u00e9es 1960.<\/p>\n<p>&#8211; un espace arbor\u00e9 de 4000 m\u00b2 bord\u00e9 par un joli cours d\u2019eau permettant une approche et une observation in\u00e9dites de 3 esp\u00e8ces de l\u00e9muriens. La surface et la richesse du territoire garantissent le bien-\u00eatre des animaux et offrent au visiteur une proximit\u00e9 inoubliable avec cet animal embl\u00e9matique de Madagascar.<\/p>\n<p><span class=\"embed-youtube\" style=\"text-align:center; display: block;\"><iframe loading=\"lazy\" class=\"youtube-player\" width=\"604\" height=\"340\" src=\"https:\/\/www.youtube.com\/embed\/jmp4Fv1mNiQ?version=3&#038;rel=1&#038;showsearch=0&#038;showinfo=1&#038;iv_load_policy=1&#038;fs=1&#038;hl=fr-FR&#038;autohide=2&#038;wmode=transparent\" allowfullscreen=\"true\" style=\"border:0;\" sandbox=\"allow-scripts allow-same-origin allow-popups allow-presentation allow-popups-to-escape-sandbox\"><\/iframe><\/span><\/p>\n<p>Et pour que cette sortie prenne un caract\u00e8re p\u00e9dagogique, voici une citation \u00e0 m\u00e9diter :<\/p>\n<p><img data-recalc-dims=\"1\" decoding=\"async\" src=\"https:\/\/i0.wp.com\/fbcdn-sphotos-b-a.akamaihd.net\/hphotos-ak-prn2\/v\/t1.0-9\/s720x720\/602326_10152180628934757_1033494855_n.jpg?w=604&#038;ssl=1\" alt=\"\" \/><\/p>\n","protected":false},"excerpt":{"rendered":"<p>Cette semaine-l\u00e0, d\u00e9couverte du Parc animalier et du Jardin Potager du Ch\u00e2teau de la Bourbansais, \u00e0 Pleugueneuc, en Ille-et-Vilaine. Et plein de nouveaut\u00e9s cette ann\u00e9e. Entre autres : &#8211; la for\u00eat de rennes, avec\u00a01 m\u00e2le et 3 femelles en provenance de parcs zoologiques de Berlin, Bern, et Arnhem, dans un enclos bois\u00e9 nouvellement am\u00e9nag\u00e9&#8230; Pr\u00e9sent &hellip; <a href=\"http:\/\/blogs.lyceecfadumene.fr\/tyanheol\/2014\/11\/06\/une-sortie-en-chasse-une-autre\/\" class=\"more-link\">Continuer la lecture de <span class=\"screen-reader-text\">Une sortie en chasse une autre<\/span> <span class=\"meta-nav\">&rarr;<\/span><\/a><\/p>\n","protected":false},"author":97,"featured_media":0,"comment_status":"open","ping_status":"open","sticky":false,"template":"","format":"standard","meta":{"_jetpack_memberships_contains_paid_content":false,"footnotes":"","jetpack_publicize_message":"","jetpack_publicize_feature_enabled":true,"jetpack_social_post_already_shared":true,"jetpack_social_options":{"image_generator_settings":{"template":"highway","default_image_id":0,"font":"","enabled":false},"version":2}},"categories":[9177,314],"tags":[9190,4,6,3645,3643,15126],"class_list":["post-1128","post","type-post","status-publish","format-standard","hentry","category-sorties","category-videos","tag-activites","tag-lycee","tag-merdrignac","tag-sortie","tag-ty-an-heol","tag-zoo"],"aioseo_notices":[],"jetpack_publicize_connections":[],"jetpack_featured_media_url":"","jetpack_shortlink":"https:\/\/wp.me\/p1SrOO-ic","jetpack_sharing_enabled":true,"_links":{"self":[{"href":"http:\/\/blogs.lyceecfadumene.fr\/tyanheol\/wp-json\/wp\/v2\/posts\/1128","targetHints":{"allow":["GET"]}}],"collection":[{"href":"http:\/\/blogs.lyceecfadumene.fr\/tyanheol\/wp-json\/wp\/v2\/posts"}],"about":[{"href":"http:\/\/blogs.lyceecfadumene.fr\/tyanheol\/wp-json\/wp\/v2\/types\/post"}],"author":[{"embeddable":true,"href":"http:\/\/blogs.lyceecfadumene.fr\/tyanheol\/wp-json\/wp\/v2\/users\/97"}],"replies":[{"embeddable":true,"href":"http:\/\/blogs.lyceecfadumene.fr\/tyanheol\/wp-json\/wp\/v2\/comments?post=1128"}],"version-history":[{"count":0,"href":"http:\/\/blogs.lyceecfadumene.fr\/tyanheol\/wp-json\/wp\/v2\/posts\/1128\/revisions"}],"wp:attachment":[{"href":"http:\/\/blogs.lyceecfadumene.fr\/tyanheol\/wp-json\/wp\/v2\/media?parent=1128"}],"wp:term":[{"taxonomy":"category","embeddable":true,"href":"http:\/\/blogs.lyceecfadumene.fr\/tyanheol\/wp-json\/wp\/v2\/categories?post=1128"},{"taxonomy":"post_tag","embeddable":true,"href":"http:\/\/blogs.lyceecfadumene.fr\/tyanheol\/wp-json\/wp\/v2\/tags?post=1128"}],"curies":[{"name":"wp","href":"https:\/\/api.w.org\/{rel}","templated":true}]}}