{"id":1042,"date":"2014-06-11T13:50:22","date_gmt":"2014-06-11T11:50:22","guid":{"rendered":"http:\/\/blogs.lyceecfadumene.fr\/tyanheol\/?p=1042"},"modified":"2014-06-12T15:44:35","modified_gmt":"2014-06-12T13:44:35","slug":"tournois-de-futsal-au-lycee-du-mene","status":"publish","type":"post","link":"http:\/\/blogs.lyceecfadumene.fr\/tyanheol\/2014\/06\/11\/tournois-de-futsal-au-lycee-du-mene\/","title":{"rendered":"Tournoi de futsal au lyc\u00e9e du Men\u00e9"},"content":{"rendered":"<p><strong>Ouest France du 6 juin.<\/strong><\/p>\n<p style=\"margin-bottom: 0cm;\"><a href=\"https:\/\/i0.wp.com\/blogs.lyceecfadumene.fr\/tyanheol\/files\/2014\/06\/of_20140606.png?ssl=1\"><img data-recalc-dims=\"1\" loading=\"lazy\" decoding=\"async\" data-attachment-id=\"1043\" data-permalink=\"http:\/\/blogs.lyceecfadumene.fr\/tyanheol\/2014\/06\/11\/tournois-de-futsal-au-lycee-du-mene\/of_20140606\/\" data-orig-file=\"https:\/\/i0.wp.com\/blogs.lyceecfadumene.fr\/tyanheol\/files\/2014\/06\/of_20140606.png?fit=600%2C404\" data-orig-size=\"600,404\" data-comments-opened=\"1\" data-image-meta=\"{&quot;aperture&quot;:&quot;0&quot;,&quot;credit&quot;:&quot;&quot;,&quot;camera&quot;:&quot;&quot;,&quot;caption&quot;:&quot;&quot;,&quot;created_timestamp&quot;:&quot;0&quot;,&quot;copyright&quot;:&quot;&quot;,&quot;focal_length&quot;:&quot;0&quot;,&quot;iso&quot;:&quot;0&quot;,&quot;shutter_speed&quot;:&quot;0&quot;,&quot;title&quot;:&quot;&quot;}\" data-image-title=\"of_20140606\" data-image-description=\"\" data-image-caption=\"\" data-large-file=\"https:\/\/i0.wp.com\/blogs.lyceecfadumene.fr\/tyanheol\/files\/2014\/06\/of_20140606.png?fit=600%2C404\" class=\"alignleft size-full wp-image-1043\" src=\"https:\/\/i0.wp.com\/blogs.lyceecfadumene.fr\/tyanheol\/files\/2014\/06\/of_20140606.png?resize=600%2C404&#038;ssl=1\" alt=\"of_20140606\" width=\"600\" height=\"404\" srcset=\"https:\/\/i0.wp.com\/blogs.lyceecfadumene.fr\/tyanheol\/files\/2014\/06\/of_20140606.png?w=600 600w, https:\/\/i0.wp.com\/blogs.lyceecfadumene.fr\/tyanheol\/files\/2014\/06\/of_20140606.png?resize=300%2C202 300w, https:\/\/i0.wp.com\/blogs.lyceecfadumene.fr\/tyanheol\/files\/2014\/06\/of_20140606.png?resize=445%2C300 445w\" sizes=\"auto, (max-width: 600px) 100vw, 600px\" \/><\/a><\/p>\n<p style=\"margin-bottom: 0cm;\"><strong>Les \u00e9tudiants de BTS technico-commercial<\/strong> du lyc\u00e9e du Men\u00e9 ont organis\u00e9 un tournoi de futsal, mercredi, dans le cadre de leur formation. L&rsquo;\u00e9quipe des premi\u00e8res bac pro am\u00e9nagement paysager a une nouvelle fois remport\u00e9 le tournoi. D\u00e8s la rentr\u00e9e prochaine, le lyc\u00e9e du Men\u00e9 met en place une section sportive futsal.<\/p>\n<p style=\"margin-bottom: 0cm;\"><strong>Renseignements au 02 96 28 41 12.<\/strong><\/p>\n","protected":false},"excerpt":{"rendered":"<p>Les \u00e9tudiants de BTS technico-commercial du lyc\u00e9e du Men\u00e9 ont organis\u00e9 un tournoi de futsal, mercredi, dans le cadre de leur formation.<\/p>\n","protected":false},"author":43,"featured_media":0,"comment_status":"open","ping_status":"open","sticky":false,"template":"","format":"standard","meta":{"_jetpack_memberships_contains_paid_content":false,"footnotes":"","jetpack_publicize_message":"","jetpack_publicize_feature_enabled":true,"jetpack_social_post_already_shared":true,"jetpack_social_options":{"image_generator_settings":{"template":"highway","default_image_id":0,"font":"","enabled":false},"version":2}},"categories":[15105],"tags":[6581,8521,8522],"class_list":["post-1042","post","type-post","status-publish","format-standard","hentry","category-association-sportive","tag-bts-tc","tag-futsal","tag-tournoi"],"aioseo_notices":[],"jetpack_publicize_connections":[],"jetpack_featured_media_url":"","jetpack_shortlink":"https:\/\/wp.me\/p1SrOO-gO","jetpack_sharing_enabled":true,"_links":{"self":[{"href":"http:\/\/blogs.lyceecfadumene.fr\/tyanheol\/wp-json\/wp\/v2\/posts\/1042","targetHints":{"allow":["GET"]}}],"collection":[{"href":"http:\/\/blogs.lyceecfadumene.fr\/tyanheol\/wp-json\/wp\/v2\/posts"}],"about":[{"href":"http:\/\/blogs.lyceecfadumene.fr\/tyanheol\/wp-json\/wp\/v2\/types\/post"}],"author":[{"embeddable":true,"href":"http:\/\/blogs.lyceecfadumene.fr\/tyanheol\/wp-json\/wp\/v2\/users\/43"}],"replies":[{"embeddable":true,"href":"http:\/\/blogs.lyceecfadumene.fr\/tyanheol\/wp-json\/wp\/v2\/comments?post=1042"}],"version-history":[{"count":0,"href":"http:\/\/blogs.lyceecfadumene.fr\/tyanheol\/wp-json\/wp\/v2\/posts\/1042\/revisions"}],"wp:attachment":[{"href":"http:\/\/blogs.lyceecfadumene.fr\/tyanheol\/wp-json\/wp\/v2\/media?parent=1042"}],"wp:term":[{"taxonomy":"category","embeddable":true,"href":"http:\/\/blogs.lyceecfadumene.fr\/tyanheol\/wp-json\/wp\/v2\/categories?post=1042"},{"taxonomy":"post_tag","embeddable":true,"href":"http:\/\/blogs.lyceecfadumene.fr\/tyanheol\/wp-json\/wp\/v2\/tags?post=1042"}],"curies":[{"name":"wp","href":"https:\/\/api.w.org\/{rel}","templated":true}]}}