{"id":1034,"date":"2014-05-28T13:56:37","date_gmt":"2014-05-28T11:56:37","guid":{"rendered":"http:\/\/blogs.lyceecfadumene.fr\/tyanheol\/?p=1034"},"modified":"2014-05-28T13:57:53","modified_gmt":"2014-05-28T11:57:53","slug":"le-raid-kayak","status":"publish","type":"post","link":"http:\/\/blogs.lyceecfadumene.fr\/tyanheol\/2014\/05\/28\/le-raid-kayak\/","title":{"rendered":"Le raid Kayak"},"content":{"rendered":"<p>Dans le cadre de l&rsquo;association sportive du lyc\u00e9e les \u00e9l\u00e8ves de 1\u00e8re am\u00e9nagement paysager , <strong>Fabien et Alexandre<\/strong> ont finit 16\u00e8me de l&rsquo;\u00e9preuve de <strong>Kayak.<\/strong><\/p>\n<p>Nous pouvons les f\u00e9liciter pour leur courage.<\/p>\n<div class=\"tiled-gallery type-rectangular tiled-gallery-unresized\" data-original-width=\"604\" data-carousel-extra='{&quot;blog_id&quot;:84,&quot;permalink&quot;:&quot;http:\\\/\\\/blogs.lyceecfadumene.fr\\\/tyanheol\\\/2014\\\/05\\\/28\\\/le-raid-kayak\\\/&quot;,&quot;likes_blog_id&quot;:27752986}' itemscope itemtype=\"http:\/\/schema.org\/ImageGallery\" > <div class=\"gallery-row\" style=\"width: 604px; height: 506px;\" data-original-width=\"604\" data-original-height=\"506\" > <div class=\"gallery-group images-1\" style=\"width: 380px; height: 506px;\" data-original-width=\"380\" data-original-height=\"506\" > <div class=\"tiled-gallery-item tiled-gallery-item-large\" itemprop=\"associatedMedia\" itemscope itemtype=\"http:\/\/schema.org\/ImageObject\"> <a href=\"http:\/\/blogs.lyceecfadumene.fr\/tyanheol\/2014\/05\/28\/le-raid-kayak\/ge-digital-camera-3\/\" border=\"0\" itemprop=\"url\"> <meta itemprop=\"width\" content=\"376\"> <meta itemprop=\"height\" content=\"502\"> <img decoding=\"async\" class=\"\" data-attachment-id=\"1037\" data-orig-file=\"http:\/\/blogs.lyceecfadumene.fr\/tyanheol\/files\/2014\/05\/GEDC0748-e1401277807237.jpg\" data-orig-size=\"450,600\" data-comments-opened=\"1\" data-image-meta=\"{&quot;aperture&quot;:&quot;3.6&quot;,&quot;credit&quot;:&quot;&quot;,&quot;camera&quot;:&quot;J1455&quot;,&quot;caption&quot;:&quot;&quot;,&quot;created_timestamp&quot;:&quot;1268947940&quot;,&quot;copyright&quot;:&quot;&quot;,&quot;focal_length&quot;:&quot;11.9&quot;,&quot;iso&quot;:&quot;80&quot;,&quot;shutter_speed&quot;:&quot;0.0015873015873&quot;,&quot;title&quot;:&quot;GE DIGITAL CAMERA&quot;}\" data-image-title=\"GE DIGITAL CAMERA\" data-image-description=\"\" data-medium-file=\"https:\/\/i0.wp.com\/blogs.lyceecfadumene.fr\/tyanheol\/files\/2014\/05\/GEDC0748-e1401277807237.jpg?fit=225%2C300\" data-large-file=\"https:\/\/i0.wp.com\/blogs.lyceecfadumene.fr\/tyanheol\/files\/2014\/05\/GEDC0748-e1401277807237.jpg?fit=450%2C600\" src=\"https:\/\/i0.wp.com\/blogs.lyceecfadumene.fr\/tyanheol\/files\/2014\/05\/GEDC0748-e1401277807237.jpg?w=376&#038;h=502\" srcset=\"https:\/\/i0.wp.com\/blogs.lyceecfadumene.fr\/tyanheol\/files\/2014\/05\/GEDC0748-e1401277807237.jpg?w=450 450w, https:\/\/i0.wp.com\/blogs.lyceecfadumene.fr\/tyanheol\/files\/2014\/05\/GEDC0748-e1401277807237.jpg?resize=225%2C300 225w\" width=\"376\" height=\"502\" loading=\"lazy\" data-original-width=\"376\" data-original-height=\"502\" itemprop=\"http:\/\/schema.org\/image\" title=\"GE DIGITAL CAMERA\" alt=\"GE DIGITAL CAMERA\" style=\"width: 376px; height: 502px;\" \/> <\/a> <\/div> <\/div> <!-- close group --> <div class=\"gallery-group images-3\" style=\"width: 224px; height: 506px;\" data-original-width=\"224\" data-original-height=\"506\" > <div class=\"tiled-gallery-item tiled-gallery-item-small\" itemprop=\"associatedMedia\" itemscope itemtype=\"http:\/\/schema.org\/ImageObject\"> <a href=\"http:\/\/blogs.lyceecfadumene.fr\/tyanheol\/2014\/05\/28\/le-raid-kayak\/ge-digital-camera-2\/\" border=\"0\" itemprop=\"url\"> <meta itemprop=\"width\" content=\"220\"> <meta itemprop=\"height\" content=\"165\"> <img decoding=\"async\" class=\"\" data-attachment-id=\"1036\" data-orig-file=\"http:\/\/blogs.lyceecfadumene.fr\/tyanheol\/files\/2014\/05\/GEDC0747.jpg\" data-orig-size=\"600,450\" data-comments-opened=\"1\" data-image-meta=\"{&quot;aperture&quot;:&quot;6&quot;,&quot;credit&quot;:&quot;&quot;,&quot;camera&quot;:&quot;J1455&quot;,&quot;caption&quot;:&quot;&quot;,&quot;created_timestamp&quot;:&quot;1268947933&quot;,&quot;copyright&quot;:&quot;&quot;,&quot;focal_length&quot;:&quot;11.9&quot;,&quot;iso&quot;:&quot;80&quot;,&quot;shutter_speed&quot;:&quot;0.00377358490566&quot;,&quot;title&quot;:&quot;GE DIGITAL CAMERA&quot;}\" data-image-title=\"GE DIGITAL CAMERA\" data-image-description=\"\" data-medium-file=\"https:\/\/i0.wp.com\/blogs.lyceecfadumene.fr\/tyanheol\/files\/2014\/05\/GEDC0747.jpg?fit=300%2C225\" data-large-file=\"https:\/\/i0.wp.com\/blogs.lyceecfadumene.fr\/tyanheol\/files\/2014\/05\/GEDC0747.jpg?fit=600%2C450\" src=\"https:\/\/i0.wp.com\/blogs.lyceecfadumene.fr\/tyanheol\/files\/2014\/05\/GEDC0747.jpg?w=220&#038;h=165\" srcset=\"https:\/\/i0.wp.com\/blogs.lyceecfadumene.fr\/tyanheol\/files\/2014\/05\/GEDC0747.jpg?w=600 600w, https:\/\/i0.wp.com\/blogs.lyceecfadumene.fr\/tyanheol\/files\/2014\/05\/GEDC0747.jpg?resize=300%2C225 300w, https:\/\/i0.wp.com\/blogs.lyceecfadumene.fr\/tyanheol\/files\/2014\/05\/GEDC0747.jpg?resize=400%2C300 400w\" width=\"220\" height=\"165\" loading=\"lazy\" data-original-width=\"220\" data-original-height=\"165\" itemprop=\"http:\/\/schema.org\/image\" title=\"GE DIGITAL CAMERA\" alt=\"GE DIGITAL CAMERA\" style=\"width: 220px; height: 165px;\" \/> <\/a> <\/div> <div class=\"tiled-gallery-item tiled-gallery-item-small\" itemprop=\"associatedMedia\" itemscope itemtype=\"http:\/\/schema.org\/ImageObject\"> <a href=\"http:\/\/blogs.lyceecfadumene.fr\/tyanheol\/2014\/05\/28\/le-raid-kayak\/ge-digital-camera\/\" border=\"0\" itemprop=\"url\"> <meta itemprop=\"width\" content=\"220\"> <meta itemprop=\"height\" content=\"165\"> <img decoding=\"async\" class=\"\" data-attachment-id=\"1035\" data-orig-file=\"http:\/\/blogs.lyceecfadumene.fr\/tyanheol\/files\/2014\/05\/GEDC0746.jpg\" data-orig-size=\"600,450\" data-comments-opened=\"1\" data-image-meta=\"{&quot;aperture&quot;:&quot;6&quot;,&quot;credit&quot;:&quot;&quot;,&quot;camera&quot;:&quot;J1455&quot;,&quot;caption&quot;:&quot;&quot;,&quot;created_timestamp&quot;:&quot;1268947925&quot;,&quot;copyright&quot;:&quot;&quot;,&quot;focal_length&quot;:&quot;11.9&quot;,&quot;iso&quot;:&quot;80&quot;,&quot;shutter_speed&quot;:&quot;0.00380228136882&quot;,&quot;title&quot;:&quot;GE DIGITAL CAMERA&quot;}\" data-image-title=\"GE DIGITAL CAMERA\" data-image-description=\"\" data-medium-file=\"https:\/\/i0.wp.com\/blogs.lyceecfadumene.fr\/tyanheol\/files\/2014\/05\/GEDC0746.jpg?fit=300%2C225\" data-large-file=\"https:\/\/i0.wp.com\/blogs.lyceecfadumene.fr\/tyanheol\/files\/2014\/05\/GEDC0746.jpg?fit=600%2C450\" src=\"https:\/\/i0.wp.com\/blogs.lyceecfadumene.fr\/tyanheol\/files\/2014\/05\/GEDC0746.jpg?w=220&#038;h=165\" srcset=\"https:\/\/i0.wp.com\/blogs.lyceecfadumene.fr\/tyanheol\/files\/2014\/05\/GEDC0746.jpg?w=600 600w, https:\/\/i0.wp.com\/blogs.lyceecfadumene.fr\/tyanheol\/files\/2014\/05\/GEDC0746.jpg?resize=300%2C225 300w, https:\/\/i0.wp.com\/blogs.lyceecfadumene.fr\/tyanheol\/files\/2014\/05\/GEDC0746.jpg?resize=400%2C300 400w\" width=\"220\" height=\"165\" loading=\"lazy\" data-original-width=\"220\" data-original-height=\"165\" itemprop=\"http:\/\/schema.org\/image\" title=\"GE DIGITAL CAMERA\" alt=\"GE DIGITAL CAMERA\" style=\"width: 220px; height: 165px;\" \/> <\/a> <\/div> <div class=\"tiled-gallery-item tiled-gallery-item-small\" itemprop=\"associatedMedia\" itemscope itemtype=\"http:\/\/schema.org\/ImageObject\"> <a href=\"http:\/\/blogs.lyceecfadumene.fr\/tyanheol\/2014\/05\/28\/le-raid-kayak\/ge-digital-camera-4\/\" border=\"0\" itemprop=\"url\"> <meta itemprop=\"width\" content=\"220\"> <meta itemprop=\"height\" content=\"164\"> <img decoding=\"async\" class=\"\" data-attachment-id=\"1038\" data-orig-file=\"http:\/\/blogs.lyceecfadumene.fr\/tyanheol\/files\/2014\/05\/GEDC0749.jpg\" data-orig-size=\"600,450\" data-comments-opened=\"1\" data-image-meta=\"{&quot;aperture&quot;:&quot;6&quot;,&quot;credit&quot;:&quot;&quot;,&quot;camera&quot;:&quot;J1455&quot;,&quot;caption&quot;:&quot;&quot;,&quot;created_timestamp&quot;:&quot;1268947944&quot;,&quot;copyright&quot;:&quot;&quot;,&quot;focal_length&quot;:&quot;11.9&quot;,&quot;iso&quot;:&quot;80&quot;,&quot;shutter_speed&quot;:&quot;0.00341296928328&quot;,&quot;title&quot;:&quot;GE DIGITAL CAMERA&quot;}\" data-image-title=\"GE DIGITAL CAMERA\" data-image-description=\"\" data-medium-file=\"https:\/\/i0.wp.com\/blogs.lyceecfadumene.fr\/tyanheol\/files\/2014\/05\/GEDC0749.jpg?fit=300%2C225\" data-large-file=\"https:\/\/i0.wp.com\/blogs.lyceecfadumene.fr\/tyanheol\/files\/2014\/05\/GEDC0749.jpg?fit=600%2C450\" src=\"https:\/\/i0.wp.com\/blogs.lyceecfadumene.fr\/tyanheol\/files\/2014\/05\/GEDC0749.jpg?w=220&#038;h=164\" srcset=\"https:\/\/i0.wp.com\/blogs.lyceecfadumene.fr\/tyanheol\/files\/2014\/05\/GEDC0749.jpg?w=600 600w, https:\/\/i0.wp.com\/blogs.lyceecfadumene.fr\/tyanheol\/files\/2014\/05\/GEDC0749.jpg?resize=300%2C225 300w, https:\/\/i0.wp.com\/blogs.lyceecfadumene.fr\/tyanheol\/files\/2014\/05\/GEDC0749.jpg?resize=400%2C300 400w\" width=\"220\" height=\"164\" loading=\"lazy\" data-original-width=\"220\" data-original-height=\"164\" itemprop=\"http:\/\/schema.org\/image\" title=\"GE DIGITAL CAMERA\" alt=\"GE DIGITAL CAMERA\" style=\"width: 220px; height: 164px;\" \/> <\/a> <\/div> <\/div> <!-- close group --> <\/div> <!-- close row --> <\/div>\n<p>Laurent.<\/p>\n","protected":false},"excerpt":{"rendered":"<p>Dans le cadre de l&rsquo;association sportive du lyc\u00e9e les \u00e9l\u00e8ves de 1\u00e8re am\u00e9nagement paysager , Fabien et Alexandre ont finit 16\u00e8me de l&rsquo;\u00e9preuve de Kayak. Nous pouvons les f\u00e9liciter pour leur courage. Laurent.<\/p>\n","protected":false},"author":43,"featured_media":0,"comment_status":"open","ping_status":"open","sticky":false,"template":"","format":"standard","meta":{"_jetpack_memberships_contains_paid_content":false,"footnotes":"","jetpack_publicize_message":"","jetpack_publicize_feature_enabled":true,"jetpack_social_post_already_shared":true,"jetpack_social_options":{"image_generator_settings":{"template":"highway","default_image_id":0,"font":"","enabled":false},"version":2}},"categories":[15105],"tags":[15107,15132],"class_list":["post-1034","post","type-post","status-publish","format-standard","hentry","category-association-sportive","tag-as","tag-kayak"],"aioseo_notices":[],"jetpack_publicize_connections":[],"jetpack_featured_media_url":"","jetpack_shortlink":"https:\/\/wp.me\/p1SrOO-gG","jetpack_sharing_enabled":true,"_links":{"self":[{"href":"http:\/\/blogs.lyceecfadumene.fr\/tyanheol\/wp-json\/wp\/v2\/posts\/1034","targetHints":{"allow":["GET"]}}],"collection":[{"href":"http:\/\/blogs.lyceecfadumene.fr\/tyanheol\/wp-json\/wp\/v2\/posts"}],"about":[{"href":"http:\/\/blogs.lyceecfadumene.fr\/tyanheol\/wp-json\/wp\/v2\/types\/post"}],"author":[{"embeddable":true,"href":"http:\/\/blogs.lyceecfadumene.fr\/tyanheol\/wp-json\/wp\/v2\/users\/43"}],"replies":[{"embeddable":true,"href":"http:\/\/blogs.lyceecfadumene.fr\/tyanheol\/wp-json\/wp\/v2\/comments?post=1034"}],"version-history":[{"count":0,"href":"http:\/\/blogs.lyceecfadumene.fr\/tyanheol\/wp-json\/wp\/v2\/posts\/1034\/revisions"}],"wp:attachment":[{"href":"http:\/\/blogs.lyceecfadumene.fr\/tyanheol\/wp-json\/wp\/v2\/media?parent=1034"}],"wp:term":[{"taxonomy":"category","embeddable":true,"href":"http:\/\/blogs.lyceecfadumene.fr\/tyanheol\/wp-json\/wp\/v2\/categories?post=1034"},{"taxonomy":"post_tag","embeddable":true,"href":"http:\/\/blogs.lyceecfadumene.fr\/tyanheol\/wp-json\/wp\/v2\/tags?post=1034"}],"curies":[{"name":"wp","href":"https:\/\/api.w.org\/{rel}","templated":true}]}}