{"id":1019,"date":"2014-04-02T14:45:07","date_gmt":"2014-04-02T12:45:07","guid":{"rendered":"http:\/\/blogs.lyceecfadumene.fr\/tyanheol\/?p=1019"},"modified":"2014-04-02T15:10:39","modified_gmt":"2014-04-02T13:10:39","slug":"sejour-a-barcelone-pour-32-apprentis","status":"publish","type":"post","link":"http:\/\/blogs.lyceecfadumene.fr\/tyanheol\/2014\/04\/02\/sejour-a-barcelone-pour-32-apprentis\/","title":{"rendered":"Les  apprentis du CFA du Men\u00e9 \u00e0 Barcelone"},"content":{"rendered":"<p style=\"margin-bottom: 0cm\">\u00a0<strong>S\u00e9jour \u00e0 Barcelone pour 32 apprentis du CFA du Men\u00e9 <\/strong><\/p>\n<p style=\"margin-bottom: 0cm\"><a href=\"https:\/\/i0.wp.com\/blogs.lyceecfadumene.fr\/tyanheol\/files\/2014\/04\/011.png?ssl=1\"><img data-recalc-dims=\"1\" loading=\"lazy\" decoding=\"async\" data-attachment-id=\"1020\" data-permalink=\"http:\/\/blogs.lyceecfadumene.fr\/tyanheol\/2014\/04\/02\/sejour-a-barcelone-pour-32-apprentis\/01-2\/\" data-orig-file=\"https:\/\/i0.wp.com\/blogs.lyceecfadumene.fr\/tyanheol\/files\/2014\/04\/011.png?fit=615%2C461\" data-orig-size=\"615,461\" data-comments-opened=\"1\" data-image-meta=\"{&quot;aperture&quot;:&quot;0&quot;,&quot;credit&quot;:&quot;&quot;,&quot;camera&quot;:&quot;&quot;,&quot;caption&quot;:&quot;&quot;,&quot;created_timestamp&quot;:&quot;0&quot;,&quot;copyright&quot;:&quot;&quot;,&quot;focal_length&quot;:&quot;0&quot;,&quot;iso&quot;:&quot;0&quot;,&quot;shutter_speed&quot;:&quot;0&quot;,&quot;title&quot;:&quot;&quot;}\" data-image-title=\"01\" data-image-description=\"\" data-image-caption=\"\" data-large-file=\"https:\/\/i0.wp.com\/blogs.lyceecfadumene.fr\/tyanheol\/files\/2014\/04\/011.png?fit=604%2C453\" class=\"alignleft size-full wp-image-1020\" alt=\"01\" src=\"https:\/\/i0.wp.com\/blogs.lyceecfadumene.fr\/tyanheol\/files\/2014\/04\/011.png?resize=604%2C453&#038;ssl=1\" width=\"604\" height=\"453\" srcset=\"https:\/\/i0.wp.com\/blogs.lyceecfadumene.fr\/tyanheol\/files\/2014\/04\/011.png?w=615 615w, https:\/\/i0.wp.com\/blogs.lyceecfadumene.fr\/tyanheol\/files\/2014\/04\/011.png?resize=300%2C224 300w, https:\/\/i0.wp.com\/blogs.lyceecfadumene.fr\/tyanheol\/files\/2014\/04\/011.png?resize=400%2C300 400w\" sizes=\"auto, (max-width: 604px) 100vw, 604px\" \/><\/a><\/p>\n<p style=\"margin-bottom: 0cm\"><strong>Du 23 F\u00e9vrier au 1er Mars les CAP Travaux Paysagers<\/strong> ont s\u00e9journ\u00e9 \u00e0 <strong>Barcelone <\/strong>dans le cadre de leur voyage d&rsquo;\u00e9tude. Au programme, visites du jardin Botanique, du Pueblo Espagnol, du Parc Gu\u00ebll,du jardin de Marimurtra \u00e0 Blanes, du parc urbain de Diagonal del Mar, d&rsquo;une p\u00e9pini\u00e8re ainsi qu&rsquo;une randonn\u00e9e dans le parc naturel du Garaf accompagn\u00e9e par une botaniste.<\/p>\n<p style=\"margin-bottom: 0cm\">Les voyages Ferron assurait le transport et l&rsquo;h\u00e9bergement avait lieu en auberge de jeunesse. Les jeunes ont appr\u00e9ci\u00e9 ce voyage qui leur a permis d&rsquo;approfondir leur connaissance des v\u00e9g\u00e9taux et d\u00e9couvrir une autre culture.<\/p>\n","protected":false},"excerpt":{"rendered":"<p>\u00a0S\u00e9jour \u00e0 Barcelone pour 32 apprentis du CFA du Men\u00e9 Du 23 F\u00e9vrier au 1er Mars les CAP Travaux Paysagers ont s\u00e9journ\u00e9 \u00e0 Barcelone dans le cadre de leur voyage d&rsquo;\u00e9tude. Au programme, visites du jardin Botanique, du Pueblo Espagnol, du Parc Gu\u00ebll,du jardin de Marimurtra \u00e0 Blanes, du parc urbain de Diagonal del Mar, &hellip; <a href=\"http:\/\/blogs.lyceecfadumene.fr\/tyanheol\/2014\/04\/02\/sejour-a-barcelone-pour-32-apprentis\/\" class=\"more-link\">Continuer la lecture de <span class=\"screen-reader-text\">Les  apprentis du CFA du Men\u00e9 \u00e0 Barcelone<\/span> <span class=\"meta-nav\">&rarr;<\/span><\/a><\/p>\n","protected":false},"author":43,"featured_media":0,"comment_status":"open","ping_status":"open","sticky":false,"template":"","format":"standard","meta":{"_jetpack_memberships_contains_paid_content":false,"footnotes":"","jetpack_publicize_message":"","jetpack_publicize_feature_enabled":true,"jetpack_social_post_already_shared":true,"jetpack_social_options":{"image_generator_settings":{"template":"highway","default_image_id":0,"font":"","enabled":false},"version":2}},"categories":[1],"tags":[15130,15129,15131,15128],"class_list":["post-1019","post","type-post","status-publish","format-standard","hentry","category-non-classe","tag-auberge","tag-barcelone","tag-jardins","tag-sejour"],"aioseo_notices":[],"jetpack_publicize_connections":[],"jetpack_featured_media_url":"","jetpack_shortlink":"https:\/\/wp.me\/p1SrOO-gr","jetpack_sharing_enabled":true,"_links":{"self":[{"href":"http:\/\/blogs.lyceecfadumene.fr\/tyanheol\/wp-json\/wp\/v2\/posts\/1019","targetHints":{"allow":["GET"]}}],"collection":[{"href":"http:\/\/blogs.lyceecfadumene.fr\/tyanheol\/wp-json\/wp\/v2\/posts"}],"about":[{"href":"http:\/\/blogs.lyceecfadumene.fr\/tyanheol\/wp-json\/wp\/v2\/types\/post"}],"author":[{"embeddable":true,"href":"http:\/\/blogs.lyceecfadumene.fr\/tyanheol\/wp-json\/wp\/v2\/users\/43"}],"replies":[{"embeddable":true,"href":"http:\/\/blogs.lyceecfadumene.fr\/tyanheol\/wp-json\/wp\/v2\/comments?post=1019"}],"version-history":[{"count":0,"href":"http:\/\/blogs.lyceecfadumene.fr\/tyanheol\/wp-json\/wp\/v2\/posts\/1019\/revisions"}],"wp:attachment":[{"href":"http:\/\/blogs.lyceecfadumene.fr\/tyanheol\/wp-json\/wp\/v2\/media?parent=1019"}],"wp:term":[{"taxonomy":"category","embeddable":true,"href":"http:\/\/blogs.lyceecfadumene.fr\/tyanheol\/wp-json\/wp\/v2\/categories?post=1019"},{"taxonomy":"post_tag","embeddable":true,"href":"http:\/\/blogs.lyceecfadumene.fr\/tyanheol\/wp-json\/wp\/v2\/tags?post=1019"}],"curies":[{"name":"wp","href":"https:\/\/api.w.org\/{rel}","templated":true}]}}