{"id":1014,"date":"2014-04-02T14:25:37","date_gmt":"2014-04-02T12:25:37","guid":{"rendered":"http:\/\/blogs.lyceecfadumene.fr\/tyanheol\/?p=1014"},"modified":"2014-04-02T14:28:24","modified_gmt":"2014-04-02T12:28:24","slug":"1014","status":"publish","type":"post","link":"http:\/\/blogs.lyceecfadumene.fr\/tyanheol\/2014\/04\/02\/1014\/","title":{"rendered":"S\u00e9jour \u00e0 Londres du 18 mars au 23 mars"},"content":{"rendered":"<p><strong>S\u00e9jour \u00e0 Londres des terminales TCVA du 1<a href=\"https:\/\/i0.wp.com\/blogs.lyceecfadumene.fr\/tyanheol\/files\/2014\/04\/01.png?ssl=1\"><img data-recalc-dims=\"1\" loading=\"lazy\" decoding=\"async\" data-attachment-id=\"1015\" data-permalink=\"http:\/\/blogs.lyceecfadumene.fr\/tyanheol\/2014\/04\/02\/1014\/attachment\/01\/\" data-orig-file=\"https:\/\/i0.wp.com\/blogs.lyceecfadumene.fr\/tyanheol\/files\/2014\/04\/01.png?fit=778%2C437\" data-orig-size=\"778,437\" data-comments-opened=\"1\" data-image-meta=\"{&quot;aperture&quot;:&quot;0&quot;,&quot;credit&quot;:&quot;&quot;,&quot;camera&quot;:&quot;&quot;,&quot;caption&quot;:&quot;&quot;,&quot;created_timestamp&quot;:&quot;0&quot;,&quot;copyright&quot;:&quot;&quot;,&quot;focal_length&quot;:&quot;0&quot;,&quot;iso&quot;:&quot;0&quot;,&quot;shutter_speed&quot;:&quot;0&quot;,&quot;title&quot;:&quot;&quot;}\" data-image-title=\"01\" data-image-description=\"\" data-image-caption=\"\" data-large-file=\"https:\/\/i0.wp.com\/blogs.lyceecfadumene.fr\/tyanheol\/files\/2014\/04\/01.png?fit=604%2C339\" class=\"alignleft size-full wp-image-1015\" alt=\"01\" src=\"https:\/\/i0.wp.com\/blogs.lyceecfadumene.fr\/tyanheol\/files\/2014\/04\/01.png?resize=604%2C339&#038;ssl=1\" width=\"604\" height=\"339\" srcset=\"https:\/\/i0.wp.com\/blogs.lyceecfadumene.fr\/tyanheol\/files\/2014\/04\/01.png?w=778 778w, https:\/\/i0.wp.com\/blogs.lyceecfadumene.fr\/tyanheol\/files\/2014\/04\/01.png?resize=300%2C168 300w, https:\/\/i0.wp.com\/blogs.lyceecfadumene.fr\/tyanheol\/files\/2014\/04\/01.png?resize=500%2C280 500w\" sizes=\"auto, (max-width: 604px) 100vw, 604px\" \/><\/a>8 au 23 mars<\/strong><\/p>\n<p>Pendant 4 jours , les \u00e9l\u00e8ves ont pu d\u00e9couvrir pleinement cette belle capitale europ\u00e9enne toujours plus cosmopolite mais qui a su en m\u00eame temps conserver de nombreuses traditions qui en ont font son charme.<\/p>\n<p>Les \u00e9l\u00e8ves ont particuli\u00e8rement appr\u00e9ci\u00e9 le mode d\u2019h\u00e9bergement en auberge de jeunesse au centre de Londres o\u00f9 ils ont pu nouer de nombreux contacts avec d\u2019autres groupes et ainsi se rendre compte de la n\u00e9cessit\u00e9 d\u2019apprendre l\u2019anglais !<\/p>\n<p>Ils ont pass\u00e9 un agr\u00e9able moment au Zoo qui propose notamment une collection d\u2019insectes assez rare pr\u00e9sent\u00e9e de mani\u00e8re tr\u00e8s p\u00e9dagogique ainsi qu\u2019a l\u2019aquarium gr\u00e2ce aux nombreux bacs d\u2019eau de mer .<\/p>\n<p>La gratuit\u00e9 des mus\u00e9es \u00e0 Londres nous a permis d\u2019en fr\u00e9quenter plusieurs : le mus\u00e9e d\u2019histoire naturelle, le British Museum, le mus\u00e9e d\u2019histoire naturelle et la National Gallery&#8230; qui pr\u00e9sentent des collections tr\u00e8s riches. Plusieurs \u00e9l\u00e8ves souhaitent y retourner car nous n\u2019avons pu visiter que quelques salles comme la tr\u00e8s belle collection \u00c9gyptienne ou encore le pavillon consacr\u00e9 \u00e0 la vulcanologie&#8230;<\/p>\n<p>La visite du c\u00e9l\u00e8bre mus\u00e9e de Mme Tussaud a \u00e9t\u00e9 une des visites fort appr\u00e9ci\u00e9e des \u00e9l\u00e8ves que ce soit au niveau des statues de cire ou en encore gr\u00e2ce \u00e0 l\u2019animation sur l\u2019histoire de Londres, le petit mus\u00e9e de l\u2019horreur et enfin la projection cin\u00e9matographique en 4 D. Nous avons \u00e9galement pu profiter d\u2019une visite guid\u00e9e des principaux monuments de Londres suivie d\u2019une vue imprenable de Londres \u00e0 bord de La \u00ab London Eye \u00bb et tout cela sous un beau soleil&#8230;<\/p>\n<p>En conclusion : <strong>un voyage tr\u00e8s riche<\/strong> avec un groupe classe tr\u00e8s sympathique et dynamique qui a contribu\u00e9 \u00e0 rendre ce s\u00e9jour d\u2019\u00e9tudes fort agr\u00e9able&#8230;<\/p>\n<p>Les accompagnateurs : Colette Tonnellier et S\u00e9bastien Durand<\/p>\n","protected":false},"excerpt":{"rendered":"<p>S\u00e9jour \u00e0 Londres des terminales TCVA du 18 au 23 mars Pendant 4 jours , les \u00e9l\u00e8ves ont pu d\u00e9couvrir pleinement cette belle capitale europ\u00e9enne toujours plus cosmopolite mais qui a su en m\u00eame temps conserver de nombreuses traditions qui en ont font son charme. Les \u00e9l\u00e8ves ont particuli\u00e8rement appr\u00e9ci\u00e9 le mode d\u2019h\u00e9bergement en auberge &hellip; <a href=\"http:\/\/blogs.lyceecfadumene.fr\/tyanheol\/2014\/04\/02\/1014\/\" class=\"more-link\">Continuer la lecture de <span class=\"screen-reader-text\">S\u00e9jour \u00e0 Londres du 18 mars au 23 mars<\/span> <span class=\"meta-nav\">&rarr;<\/span><\/a><\/p>\n","protected":false},"author":43,"featured_media":0,"comment_status":"open","ping_status":"open","sticky":false,"template":"","format":"standard","meta":{"_jetpack_memberships_contains_paid_content":false,"footnotes":"","jetpack_publicize_message":"","jetpack_publicize_feature_enabled":true,"jetpack_social_post_already_shared":true,"jetpack_social_options":{"image_generator_settings":{"template":"highway","default_image_id":0,"font":"","enabled":false},"version":2}},"categories":[1],"tags":[15127,15125,14474,8242,15126],"class_list":["post-1014","post","type-post","status-publish","format-standard","hentry","category-non-classe","tag-anglais","tag-londres","tag-musee","tag-voyage-2","tag-zoo"],"aioseo_notices":[],"jetpack_publicize_connections":[],"jetpack_featured_media_url":"","jetpack_shortlink":"https:\/\/wp.me\/s1SrOO-1014","jetpack_sharing_enabled":true,"_links":{"self":[{"href":"http:\/\/blogs.lyceecfadumene.fr\/tyanheol\/wp-json\/wp\/v2\/posts\/1014","targetHints":{"allow":["GET"]}}],"collection":[{"href":"http:\/\/blogs.lyceecfadumene.fr\/tyanheol\/wp-json\/wp\/v2\/posts"}],"about":[{"href":"http:\/\/blogs.lyceecfadumene.fr\/tyanheol\/wp-json\/wp\/v2\/types\/post"}],"author":[{"embeddable":true,"href":"http:\/\/blogs.lyceecfadumene.fr\/tyanheol\/wp-json\/wp\/v2\/users\/43"}],"replies":[{"embeddable":true,"href":"http:\/\/blogs.lyceecfadumene.fr\/tyanheol\/wp-json\/wp\/v2\/comments?post=1014"}],"version-history":[{"count":0,"href":"http:\/\/blogs.lyceecfadumene.fr\/tyanheol\/wp-json\/wp\/v2\/posts\/1014\/revisions"}],"wp:attachment":[{"href":"http:\/\/blogs.lyceecfadumene.fr\/tyanheol\/wp-json\/wp\/v2\/media?parent=1014"}],"wp:term":[{"taxonomy":"category","embeddable":true,"href":"http:\/\/blogs.lyceecfadumene.fr\/tyanheol\/wp-json\/wp\/v2\/categories?post=1014"},{"taxonomy":"post_tag","embeddable":true,"href":"http:\/\/blogs.lyceecfadumene.fr\/tyanheol\/wp-json\/wp\/v2\/tags?post=1014"}],"curies":[{"name":"wp","href":"https:\/\/api.w.org\/{rel}","templated":true}]}}