{"id":986,"date":"2024-03-20T11:17:31","date_gmt":"2024-03-20T10:17:31","guid":{"rendered":"https:\/\/blogs.lyceecfadumene.fr\/cdr\/?p=986"},"modified":"2024-09-30T11:36:14","modified_gmt":"2024-09-30T09:36:14","slug":"glaaster-un-outil-pour-les-dys","status":"publish","type":"post","link":"http:\/\/blogs.lyceecfadumene.fr\/cdr\/2024\/03\/20\/glaaster-un-outil-pour-les-dys\/","title":{"rendered":"Glaaster : un outil pour les dys"},"content":{"rendered":"\n<figure class=\"wp-block-image size-full\"><img data-recalc-dims=\"1\" loading=\"lazy\" decoding=\"async\" width=\"492\" height=\"102\" data-attachment-id=\"987\" data-permalink=\"http:\/\/blogs.lyceecfadumene.fr\/cdr\/2024\/03\/20\/glaaster-un-outil-pour-les-dys\/glaaster\/\" data-orig-file=\"https:\/\/i0.wp.com\/blogs.lyceecfadumene.fr\/cdr\/files\/2024\/03\/Glaaster.png?fit=492%2C102\" data-orig-size=\"492,102\" data-comments-opened=\"1\" data-image-meta=\"{&quot;aperture&quot;:&quot;0&quot;,&quot;credit&quot;:&quot;&quot;,&quot;camera&quot;:&quot;&quot;,&quot;caption&quot;:&quot;&quot;,&quot;created_timestamp&quot;:&quot;0&quot;,&quot;copyright&quot;:&quot;&quot;,&quot;focal_length&quot;:&quot;0&quot;,&quot;iso&quot;:&quot;0&quot;,&quot;shutter_speed&quot;:&quot;0&quot;,&quot;title&quot;:&quot;&quot;,&quot;orientation&quot;:&quot;0&quot;}\" data-image-title=\"Glaaster\" data-image-description=\"\" data-image-caption=\"\" data-large-file=\"https:\/\/i0.wp.com\/blogs.lyceecfadumene.fr\/cdr\/files\/2024\/03\/Glaaster.png?fit=492%2C102\" src=\"https:\/\/i0.wp.com\/blogs.lyceecfadumene.fr\/cdr\/files\/2024\/03\/Glaaster.png?resize=492%2C102&#038;ssl=1\" alt=\"Glaaster est une plateforme en ligne qui propose des outils d'adaptation de contenu pour les personnes dyslexiques.\" class=\"wp-image-987\" srcset=\"https:\/\/i0.wp.com\/blogs.lyceecfadumene.fr\/cdr\/files\/2024\/03\/Glaaster.png?w=492 492w, https:\/\/i0.wp.com\/blogs.lyceecfadumene.fr\/cdr\/files\/2024\/03\/Glaaster.png?resize=400%2C83 400w\" sizes=\"auto, (max-width: 492px) 100vw, 492px\" \/><\/figure>\n\n\n\n<p><strong>Qu&rsquo;est-ce que Glaaster ?<\/strong><\/p>\n\n\n\n<p><a href=\"https:\/\/glaaster.com\/\" target=\"_blank\" rel=\"noopener\" title=\"\"><strong>Glaaster<\/strong><\/a> est une plateforme en ligne qui propose des outils d&rsquo;adaptation de contenu pour les personnes dyslexiques. Con\u00e7ue avec l&rsquo;objectif d&rsquo;am\u00e9liorer l&rsquo;accessibilit\u00e9 \u00e0 l&rsquo;information \u00e9crite, cette plateforme offre une gamme de fonctionnalit\u00e9s innovantes pour faciliter la lecture et la compr\u00e9hension pour les personnes dyslexiques. Cette plateforme est disponible uniquement lors de l&rsquo;achat d&rsquo;une licence. <\/p>\n\n\n\n<p><strong>Les fonctionnalit\u00e9s cl\u00e9s de Glaaster :<\/strong><\/p>\n\n\n\n<ol class=\"wp-block-list\">\n<li><strong>Adaptation de texte :<\/strong> Glaaster permet d&rsquo;adapter instantan\u00e9ment n&rsquo;importe quel texte en utilisant une police sp\u00e9cialement con\u00e7ue pour les personnes dyslexiques. Cette police, bas\u00e9e sur des recherches en neuroscience et en psychologie cognitive, est optimis\u00e9e pour faciliter la lecture et r\u00e9duire la fatigue visuelle.<\/li>\n\n\n\n<li><strong>Surlignage dynamique :<\/strong> La plateforme propose \u00e9galement un surlignage dynamique synchronis\u00e9 avec la lecture, ce qui aide les utilisateurs \u00e0 suivre le texte et \u00e0 maintenir leur concentration pendant la lecture.<\/li>\n\n\n\n<li><strong>Personnalisation des param\u00e8tres :<\/strong> Les utilisateurs ont la possibilit\u00e9 de personnaliser divers param\u00e8tres, tels que la taille et l&rsquo;espacement des caract\u00e8res, le contraste et la couleur du texte, pour cr\u00e9er une exp\u00e9rience de lecture optimale selon leurs pr\u00e9f\u00e9rences individuelles.<\/li>\n\n\n\n<li><strong>Conversion de texte en audio :<\/strong> Glaaster offre \u00e9galement la possibilit\u00e9 de convertir le texte en fichiers audio, ce qui permet aux utilisateurs de b\u00e9n\u00e9ficier d&rsquo;une lecture auditive pour une meilleure compr\u00e9hension et une exp\u00e9rience de lecture plus fluide.<\/li>\n<\/ol>\n\n\n\n<figure class=\"wp-block-embed is-type-video is-provider-youtube wp-block-embed-youtube wp-embed-aspect-16-9 wp-has-aspect-ratio\"><div class=\"wp-block-embed__wrapper\">\n<iframe loading=\"lazy\" title=\"Glaaster C&#039;est quoi ?\" width=\"500\" height=\"281\" src=\"https:\/\/www.youtube.com\/embed\/PgI-4knF6Ek?feature=oembed\" frameborder=\"0\" allow=\"accelerometer; autoplay; clipboard-write; encrypted-media; gyroscope; picture-in-picture; web-share\" referrerpolicy=\"strict-origin-when-cross-origin\" allowfullscreen><\/iframe>\n<\/div><figcaption class=\"wp-element-caption\">Pr\u00e9sentation de Glaaster<\/figcaption><\/figure>\n\n\n\n<figure class=\"wp-block-embed is-type-video is-provider-youtube wp-block-embed-youtube wp-embed-aspect-16-9 wp-has-aspect-ratio\"><div class=\"wp-block-embed__wrapper\">\n<iframe loading=\"lazy\" title=\"Reportage au JT du 20H sur France 2\" width=\"500\" height=\"281\" src=\"https:\/\/www.youtube.com\/embed\/mJvN3RDke40?feature=oembed\" frameborder=\"0\" allow=\"accelerometer; autoplay; clipboard-write; encrypted-media; gyroscope; picture-in-picture; web-share\" referrerpolicy=\"strict-origin-when-cross-origin\" allowfullscreen><\/iframe>\n<\/div><figcaption class=\"wp-element-caption\">Pr\u00e9sentation de Glaaster pendant une interview t\u00e9l\u00e9vis\u00e9e<\/figcaption><\/figure>\n\n\n\n<div class=\"wp-block-columns is-layout-flex wp-container-core-columns-is-layout-d0b3c9c8 wp-block-columns-is-layout-flex\">\n<div class=\"wp-block-column is-layout-flow wp-block-column-is-layout-flow\" style=\"--col-width:100%;flex-basis:100%\">\n\n<\/div>\n<\/div>\n","protected":false},"excerpt":{"rendered":"<p>Glaaster est une plateforme en ligne qui propose des outils d&rsquo;adaptation de contenu pour les personnes dyslexiques.<\/p>\n","protected":false},"author":103,"featured_media":971,"comment_status":"open","ping_status":"open","sticky":false,"template":"","format":"standard","meta":{"_jetpack_memberships_contains_paid_content":false,"footnotes":""},"categories":[1],"tags":[],"class_list":["post-986","post","type-post","status-publish","format-standard","has-post-thumbnail","hentry","category-non-classe"],"aioseo_notices":[],"jetpack_featured_media_url":"https:\/\/i0.wp.com\/blogs.lyceecfadumene.fr\/cdr\/files\/2024\/03\/glaaster-logo.png?fit=225%2C225","jetpack_sharing_enabled":true,"jetpack-related-posts":[{"id":874,"url":"http:\/\/blogs.lyceecfadumene.fr\/cdr\/2024\/03\/14\/mirage-make-mirage-dys\/","url_meta":{"origin":986,"position":0},"title":"Mirage Make \/ Mirage Dys","author":"fdouan","date":"14 mars 2024","format":false,"excerpt":"Logo de l'application Mirage Make Mirage est un ensemble d'applications qui fonctionnent gr\u00e2ce \u00e0 la r\u00e9alit\u00e9 augment\u00e9e. Ses fonctions sont adapt\u00e9es \u00e0 l'usage p\u00e9dagogique et favorisent l'accessibilit\u00e9 num\u00e9rique. Cette pr\u00e9sentation va davantage \u00eatre tourn\u00e9e vers l'application Mirage Dys, qui fait donc partie des options propos\u00e9es par Mirage. Son objectif principal\u2026","rel":"","context":"Dans &quot;Non class\u00e9&quot;","block_context":{"text":"Non class\u00e9","link":"http:\/\/blogs.lyceecfadumene.fr\/cdr\/category\/non-classe\/"},"img":{"alt_text":"Logo de l'application Mirage Make","src":"https:\/\/i0.wp.com\/blogs.lyceecfadumene.fr\/cdr\/files\/2023\/10\/mirage_make-200x200-1.png?resize=350%2C200&ssl=1","width":350,"height":200},"classes":[]},{"id":1315,"url":"http:\/\/blogs.lyceecfadumene.fr\/cdr\/2026\/03\/13\/hoptoys-des-fidgets-toys-pour-accompagner-les-troubles-de-lapprentissage\/","url_meta":{"origin":986,"position":1},"title":"HopToys : des fidgets toys pour accompagner les troubles de l&rsquo;apprentissage","author":"fdouan","date":"13 mars 2026","format":false,"excerpt":"Lien vers le site internet : https:\/\/www.hoptoys.fr\/ HopToys est une boutique en ligne sp\u00e9cialis\u00e9e dans les jeux, jouets et outils adapt\u00e9s pour les enfants et les personnes avec des besoins sp\u00e9cifiques (handicap, troubles DYS, TDAH, troubles de l\u2019attention, polyhandicap\u2026). Elle propose une large s\u00e9lection de solutions ludiques destin\u00e9es \u00e0 favoriser\u2026","rel":"","context":"Dans &quot;Non class\u00e9&quot;","block_context":{"text":"Non class\u00e9","link":"http:\/\/blogs.lyceecfadumene.fr\/cdr\/category\/non-classe\/"},"img":{"alt_text":"","src":"https:\/\/i0.wp.com\/blogs.lyceecfadumene.fr\/cdr\/files\/2024\/03\/hoptoys-logopetit.jpg?resize=350%2C200","width":350,"height":200},"classes":[]},{"id":1318,"url":"http:\/\/blogs.lyceecfadumene.fr\/cdr\/2026\/03\/13\/duolingo-apprendre-les-langues-de-facon-ludique\/","url_meta":{"origin":986,"position":2},"title":"Duolingo : apprendre les langues de fa\u00e7on ludique","author":"fdouan","date":"13 mars 2026","format":false,"excerpt":"Lien vers l'outil : https:\/\/www.duolingo.com\/ Duolingo est une plateforme d\u2019apprentissage des langues tr\u00e8s r\u00e9pandue qui propose des le\u00e7ons interactives, courte et gamifi\u00e9es pour apprendre vocabulaire, grammaire et compr\u00e9hension \u00e0 son rythme. Duolingo\u202ffor\u202fSchools : une version pour l\u2019\u00e9ducation Duolingo\u202ffor\u202fSchools est une version gratuite pens\u00e9e pour les enseignants : on peut cr\u00e9er\u2026","rel":"","context":"Dans &quot;Non class\u00e9&quot;","block_context":{"text":"Non class\u00e9","link":"http:\/\/blogs.lyceecfadumene.fr\/cdr\/category\/non-classe\/"},"img":{"alt_text":"","src":"https:\/\/i0.wp.com\/blogs.lyceecfadumene.fr\/cdr\/files\/2026\/03\/logo-duo-lingopetit.jpg?fit=532%2C525&resize=350%2C200","width":350,"height":200,"srcset":"https:\/\/i0.wp.com\/blogs.lyceecfadumene.fr\/cdr\/files\/2026\/03\/logo-duo-lingopetit.jpg?fit=532%2C525&resize=350%2C200 1x, https:\/\/i0.wp.com\/blogs.lyceecfadumene.fr\/cdr\/files\/2026\/03\/logo-duo-lingopetit.jpg?fit=532%2C525&resize=525%2C300 1.5x"},"classes":[]},{"id":1298,"url":"http:\/\/blogs.lyceecfadumene.fr\/cdr\/2026\/03\/13\/dys-tout-un-site-ressource-pour-mieux-comprendre-et-accompagner-les-troubles-dys\/","url_meta":{"origin":986,"position":3},"title":"Dys-Tout : un site ressource pour mieux comprendre et accompagner les troubles \u00abDys\u00bb","author":"fdouan","date":"13 mars 2026","format":false,"excerpt":"Le lien vers le site : https:\/\/dys-tout.fr\/ Dans une logique d\u2019inclusion et d\u2019accessibilit\u00e9 des formations, le site Dys-Tout propose une mine d\u2019informations pour mieux comprendre les troubles sp\u00e9cifiques des apprentissages (dyslexie, dyspraxie, dysphasie, dyscalculie\u2026). Il s\u2019agit d\u2019une initiative bretonne : la Mission Locale Centre Bretagne, en collaboration avec de nombreux\u2026","rel":"","context":"Dans &quot;Non class\u00e9&quot;","block_context":{"text":"Non class\u00e9","link":"http:\/\/blogs.lyceecfadumene.fr\/cdr\/category\/non-classe\/"},"img":{"alt_text":"","src":"https:\/\/i0.wp.com\/blogs.lyceecfadumene.fr\/cdr\/files\/2024\/03\/index.png?resize=350%2C200","width":350,"height":200},"classes":[]},{"id":332,"url":"http:\/\/blogs.lyceecfadumene.fr\/cdr\/2023\/01\/05\/ypareo\/","url_meta":{"origin":986,"position":4},"title":"Ypar\u00e9o","author":"fdouan","date":"5 janvier 2023","format":false,"excerpt":"Qu'est-ce que c'est ? Ypar\u00e9o est un ERP ( Enterprise Resource Planning ) utilis\u00e9 par le CFA de Merdrignac. Cet outil permet de g\u00e9rer les emplois du temps, les cahiers de texte, les bulletins de notes, le suivi des apprenants, le suivi entreprise etc... Il est compatible avec plusieurs autres\u2026","rel":"","context":"Dans &quot;Non class\u00e9&quot;","block_context":{"text":"Non class\u00e9","link":"http:\/\/blogs.lyceecfadumene.fr\/cdr\/category\/non-classe\/"},"img":{"alt_text":"","src":"https:\/\/i0.wp.com\/blogs.lyceecfadumene.fr\/cdr\/files\/2023\/01\/index.png?resize=350%2C200","width":350,"height":200},"classes":[]},{"id":1308,"url":"http:\/\/blogs.lyceecfadumene.fr\/cdr\/2026\/03\/13\/lirec-une-plateforme-pour-ecrire-en-facile-a-lire-et-a-comprendre\/","url_meta":{"origin":986,"position":5},"title":"LIREC : une plateforme pour \u00e9crire en Facile \u00e0 Lire et \u00e0 Comprendre","author":"fdouan","date":"13 mars 2026","format":false,"excerpt":"Lien vers l'outil : https:\/\/sioux.univ-paris8.fr\/lirec\/ LIREC est une plateforme web gratuite con\u00e7ue pour aider \u00e0 produire des documents en Facile \u00e0 Lire et \u00e0 Comprendre (FALC). Ce format vise particuli\u00e8rement \u00e0 rendre l\u2019information accessible aux personnes ayant des difficult\u00e9s de compr\u00e9hension (handicap intellectuel, troubles cognitifs, situations d\u2019apprentissage singuli\u00e8res). Qu\u2019est\u2011ce que\u2026","rel":"","context":"Dans &quot;Non class\u00e9&quot;","block_context":{"text":"Non class\u00e9","link":"http:\/\/blogs.lyceecfadumene.fr\/cdr\/category\/non-classe\/"},"img":{"alt_text":"","src":"https:\/\/i0.wp.com\/blogs.lyceecfadumene.fr\/cdr\/files\/2024\/03\/Logo-lirec.png?resize=350%2C200","width":350,"height":200},"classes":[]}],"_links":{"self":[{"href":"http:\/\/blogs.lyceecfadumene.fr\/cdr\/wp-json\/wp\/v2\/posts\/986","targetHints":{"allow":["GET"]}}],"collection":[{"href":"http:\/\/blogs.lyceecfadumene.fr\/cdr\/wp-json\/wp\/v2\/posts"}],"about":[{"href":"http:\/\/blogs.lyceecfadumene.fr\/cdr\/wp-json\/wp\/v2\/types\/post"}],"author":[{"embeddable":true,"href":"http:\/\/blogs.lyceecfadumene.fr\/cdr\/wp-json\/wp\/v2\/users\/103"}],"replies":[{"embeddable":true,"href":"http:\/\/blogs.lyceecfadumene.fr\/cdr\/wp-json\/wp\/v2\/comments?post=986"}],"version-history":[{"count":6,"href":"http:\/\/blogs.lyceecfadumene.fr\/cdr\/wp-json\/wp\/v2\/posts\/986\/revisions"}],"predecessor-version":[{"id":1193,"href":"http:\/\/blogs.lyceecfadumene.fr\/cdr\/wp-json\/wp\/v2\/posts\/986\/revisions\/1193"}],"wp:featuredmedia":[{"embeddable":true,"href":"http:\/\/blogs.lyceecfadumene.fr\/cdr\/wp-json\/wp\/v2\/media\/971"}],"wp:attachment":[{"href":"http:\/\/blogs.lyceecfadumene.fr\/cdr\/wp-json\/wp\/v2\/media?parent=986"}],"wp:term":[{"taxonomy":"category","embeddable":true,"href":"http:\/\/blogs.lyceecfadumene.fr\/cdr\/wp-json\/wp\/v2\/categories?post=986"},{"taxonomy":"post_tag","embeddable":true,"href":"http:\/\/blogs.lyceecfadumene.fr\/cdr\/wp-json\/wp\/v2\/tags?post=986"}],"curies":[{"name":"wp","href":"https:\/\/api.w.org\/{rel}","templated":true}]}}