{"id":840,"date":"2023-03-02T16:16:00","date_gmt":"2023-03-02T15:16:00","guid":{"rendered":"https:\/\/blogs.lyceecfadumene.fr\/cdr\/?p=840"},"modified":"2023-10-24T16:18:15","modified_gmt":"2023-10-24T14:18:15","slug":"newsletter-de-fevrier-mars-2023","status":"publish","type":"post","link":"http:\/\/blogs.lyceecfadumene.fr\/cdr\/2023\/03\/02\/newsletter-de-fevrier-mars-2023\/","title":{"rendered":"Newsletter de F\u00e9vrier-Mars 2023"},"content":{"rendered":"\n<p>Comme chaque mois, nous vous proposons une Newsletter \u00e0 destination des personnels de l&rsquo;\u00e9quipe p\u00e9dagogique et administrative du CFA de Merdrignac. <br>Vous souhaitant une bonne lecture<\/p>\n\n\n\n<p>Le P\u00f4le Accompagnement<\/p>\n\n\n\n<div data-wp-interactive=\"core\/file\" class=\"wp-block-file alignwide\"><object data-wp-bind--hidden=\"!state.hasPdfPreview\" hidden class=\"wp-block-file__embed\" data=\"https:\/\/blogs.lyceecfadumene.fr\/cdr\/files\/2023\/10\/Newsletter-9-Fevrier-Mars-23-v1.pdf\" type=\"application\/pdf\" style=\"width:100%;height:600px\" aria-label=\"Contenu embarqu\u00e9 Newsletter-9-Fevrier-Mars-23-v1.\"><\/object><a id=\"wp-block-file--media-46a0adbb-b4e3-4f19-8500-e7f0cc8cb903\" href=\"https:\/\/blogs.lyceecfadumene.fr\/cdr\/files\/2023\/10\/Newsletter-9-Fevrier-Mars-23-v1.pdf\">Newsletter-9-Fevrier-Mars-23-v1<\/a><a href=\"https:\/\/blogs.lyceecfadumene.fr\/cdr\/files\/2023\/10\/Newsletter-9-Fevrier-Mars-23-v1.pdf\" class=\"wp-block-file__button wp-element-button\" download aria-describedby=\"wp-block-file--media-46a0adbb-b4e3-4f19-8500-e7f0cc8cb903\">T\u00e9l\u00e9charger<\/a><\/div>\n","protected":false},"excerpt":{"rendered":"<p>Comme chaque mois, nous vous proposons une Newsletter \u00e0 destination des personnels de l&rsquo;\u00e9quipe p\u00e9dagogique et administrative du CFA de Merdrignac. Vous souhaitant une bonne lecture Le P\u00f4le Accompagnement<\/p>\n","protected":false},"author":103,"featured_media":832,"comment_status":"open","ping_status":"open","sticky":false,"template":"","format":"standard","meta":{"_jetpack_memberships_contains_paid_content":false,"footnotes":""},"categories":[1],"tags":[],"class_list":["post-840","post","type-post","status-publish","format-standard","has-post-thumbnail","hentry","category-non-classe"],"aioseo_notices":[],"jetpack_featured_media_url":"https:\/\/i0.wp.com\/blogs.lyceecfadumene.fr\/cdr\/files\/2023\/10\/minia-news-fevrier-mars-2023.png?fit=905%2C444","jetpack_sharing_enabled":true,"jetpack-related-posts":[{"id":1019,"url":"http:\/\/blogs.lyceecfadumene.fr\/cdr\/2024\/02\/12\/newsletter-de-fevrier-2024\/","url_meta":{"origin":840,"position":0},"title":"Newsletter de F\u00e9vrier 2024","author":"fdouan","date":"12 f\u00e9vrier 2024","format":false,"excerpt":"Comme chaque mois, nous vous proposons une Newsletter \u00e0 destination des personnels de l\u2019\u00e9quipe p\u00e9dagogique et administrative du CFA de Merdrignac.Vous souhaitant une bonne lecture Le P\u00f4le Accompagnement Newsletter-17-Fevrier-24-v1-1","rel":"","context":"Dans &quot;Non class\u00e9&quot;","block_context":{"text":"Non class\u00e9","link":"http:\/\/blogs.lyceecfadumene.fr\/cdr\/category\/non-classe\/"},"img":{"alt_text":"","src":"","width":0,"height":0},"classes":[]},{"id":1022,"url":"http:\/\/blogs.lyceecfadumene.fr\/cdr\/2024\/03\/19\/newsletter-de-mars-2024\/","url_meta":{"origin":840,"position":1},"title":"Newsletter de Mars 2024","author":"fdouan","date":"19 mars 2024","format":false,"excerpt":"Comme chaque mois, nous vous proposons une Newsletter \u00e0 destination des personnels de l\u2019\u00e9quipe p\u00e9dagogique et administrative du CFA de Merdrignac.Vous souhaitant une bonne lecture Le P\u00f4le Accompagnement Newsletter-18-Mars-24-v1 <iframe src=\"https:\/\/form.dragnsurvey.com\/survey\/r\/3136c7f2\" style=\"width:200px; height:400px;\"><\/iframe>","rel":"","context":"Dans &quot;Non class\u00e9&quot;","block_context":{"text":"Non class\u00e9","link":"http:\/\/blogs.lyceecfadumene.fr\/cdr\/category\/non-classe\/"},"img":{"alt_text":"","src":"https:\/\/i0.wp.com\/blogs.lyceecfadumene.fr\/cdr\/files\/2024\/03\/minia-news-N18-1.png?fit=1073%2C532&resize=350%2C200","width":350,"height":200,"srcset":"https:\/\/i0.wp.com\/blogs.lyceecfadumene.fr\/cdr\/files\/2024\/03\/minia-news-N18-1.png?fit=1073%2C532&resize=350%2C200 1x, https:\/\/i0.wp.com\/blogs.lyceecfadumene.fr\/cdr\/files\/2024\/03\/minia-news-N18-1.png?fit=1073%2C532&resize=525%2C300 1.5x, https:\/\/i0.wp.com\/blogs.lyceecfadumene.fr\/cdr\/files\/2024\/03\/minia-news-N18-1.png?fit=1073%2C532&resize=700%2C400 2x, https:\/\/i0.wp.com\/blogs.lyceecfadumene.fr\/cdr\/files\/2024\/03\/minia-news-N18-1.png?fit=1073%2C532&resize=1050%2C600 3x"},"classes":[]},{"id":279,"url":"http:\/\/blogs.lyceecfadumene.fr\/cdr\/2022\/09\/15\/le-pole-accompagnement\/","url_meta":{"origin":840,"position":2},"title":"Le P\u00f4le Accompagnement","author":"fdouan","date":"15 septembre 2022","format":false,"excerpt":"Qu'est-ce que c'est ? Le P\u00f4le Accompagnement est un regroupement des services CDR et Handicap. Il a d\u00e9but\u00e9 lors d'une formation visant \u00e0 am\u00e9liorer la collaboration des r\u00e9f\u00e9rents handicap et des animateurs CDR. En effet, les objectifs des deux services sont similaires : r\u00e9pondre aux besoins sp\u00e9cifiques des apprenants. En\u2026","rel":"","context":"Dans &quot;Non class\u00e9&quot;","block_context":{"text":"Non class\u00e9","link":"http:\/\/blogs.lyceecfadumene.fr\/cdr\/category\/non-classe\/"},"img":{"alt_text":"","src":"https:\/\/i0.wp.com\/blogs.lyceecfadumene.fr\/cdr\/files\/2022\/09\/pole-accompagnement-logo.png?fit=534%2C422&resize=350%2C200","width":350,"height":200,"srcset":"https:\/\/i0.wp.com\/blogs.lyceecfadumene.fr\/cdr\/files\/2022\/09\/pole-accompagnement-logo.png?fit=534%2C422&resize=350%2C200 1x, https:\/\/i0.wp.com\/blogs.lyceecfadumene.fr\/cdr\/files\/2022\/09\/pole-accompagnement-logo.png?fit=534%2C422&resize=525%2C300 1.5x"},"classes":[]},{"id":803,"url":"http:\/\/blogs.lyceecfadumene.fr\/cdr\/2023\/10\/17\/newsletter-doctobre-2023\/","url_meta":{"origin":840,"position":3},"title":"Newsletter d&rsquo;Octobre 2023","author":"fdouan","date":"17 octobre 2023","format":false,"excerpt":"Comme chaque mois, nous vous proposons une Newsletter \u00e0 destination des personnels de l'\u00e9quipe p\u00e9dagogique et administrative du CFA de Merdrignac. Vous souhaitant une bonne lecture Le P\u00f4le Accompagnement Newsletter-13-Octobre-23-v1T\u00e9l\u00e9charger","rel":"","context":"Dans &quot;Newsletter&quot;","block_context":{"text":"Newsletter","link":"http:\/\/blogs.lyceecfadumene.fr\/cdr\/category\/newsletter\/"},"img":{"alt_text":"","src":"https:\/\/i0.wp.com\/blogs.lyceecfadumene.fr\/cdr\/files\/2023\/10\/minia-news-octobre-2023.png?fit=910%2C475&resize=350%2C200","width":350,"height":200,"srcset":"https:\/\/i0.wp.com\/blogs.lyceecfadumene.fr\/cdr\/files\/2023\/10\/minia-news-octobre-2023.png?fit=910%2C475&resize=350%2C200 1x, https:\/\/i0.wp.com\/blogs.lyceecfadumene.fr\/cdr\/files\/2023\/10\/minia-news-octobre-2023.png?fit=910%2C475&resize=525%2C300 1.5x, https:\/\/i0.wp.com\/blogs.lyceecfadumene.fr\/cdr\/files\/2023\/10\/minia-news-octobre-2023.png?fit=910%2C475&resize=700%2C400 2x"},"classes":[]},{"id":826,"url":"http:\/\/blogs.lyceecfadumene.fr\/cdr\/2023\/09\/04\/newsletter-de-septembre-2023\/","url_meta":{"origin":840,"position":4},"title":"Newsletter de Septembre 2023","author":"fdouan","date":"4 septembre 2023","format":false,"excerpt":"Comme chaque mois, nous vous proposons une Newsletter \u00e0 destination des personnels de l'\u00e9quipe p\u00e9dagogique et administrative du CFA de Merdrignac. Vous souhaitant une bonne lecture Le P\u00f4le Accompagnement Newsletter-12-Septembre-23-v1T\u00e9l\u00e9charger","rel":"","context":"Dans &quot;Non class\u00e9&quot;","block_context":{"text":"Non class\u00e9","link":"http:\/\/blogs.lyceecfadumene.fr\/cdr\/category\/non-classe\/"},"img":{"alt_text":"","src":"https:\/\/i0.wp.com\/blogs.lyceecfadumene.fr\/cdr\/files\/2022\/09\/minia-news-septembre-2023.png?fit=908%2C459&resize=350%2C200","width":350,"height":200,"srcset":"https:\/\/i0.wp.com\/blogs.lyceecfadumene.fr\/cdr\/files\/2022\/09\/minia-news-septembre-2023.png?fit=908%2C459&resize=350%2C200 1x, https:\/\/i0.wp.com\/blogs.lyceecfadumene.fr\/cdr\/files\/2022\/09\/minia-news-septembre-2023.png?fit=908%2C459&resize=525%2C300 1.5x, https:\/\/i0.wp.com\/blogs.lyceecfadumene.fr\/cdr\/files\/2022\/09\/minia-news-septembre-2023.png?fit=908%2C459&resize=700%2C400 2x"},"classes":[]},{"id":837,"url":"http:\/\/blogs.lyceecfadumene.fr\/cdr\/2023\/05\/08\/newsletter-de-mai-2023\/","url_meta":{"origin":840,"position":5},"title":"Newsletter de Mai 2023","author":"fdouan","date":"8 mai 2023","format":false,"excerpt":"Comme chaque mois, nous vous proposons une Newsletter \u00e0 destination des personnels de l'\u00e9quipe p\u00e9dagogique et administrative du CFA de Merdrignac. Vous souhaitant une bonne lectureLe P\u00f4le Accompagnement Newsletter-11-Mai-23-v1T\u00e9l\u00e9charger","rel":"","context":"Dans &quot;Non class\u00e9&quot;","block_context":{"text":"Non class\u00e9","link":"http:\/\/blogs.lyceecfadumene.fr\/cdr\/category\/non-classe\/"},"img":{"alt_text":"","src":"","width":0,"height":0},"classes":[]}],"_links":{"self":[{"href":"http:\/\/blogs.lyceecfadumene.fr\/cdr\/wp-json\/wp\/v2\/posts\/840","targetHints":{"allow":["GET"]}}],"collection":[{"href":"http:\/\/blogs.lyceecfadumene.fr\/cdr\/wp-json\/wp\/v2\/posts"}],"about":[{"href":"http:\/\/blogs.lyceecfadumene.fr\/cdr\/wp-json\/wp\/v2\/types\/post"}],"author":[{"embeddable":true,"href":"http:\/\/blogs.lyceecfadumene.fr\/cdr\/wp-json\/wp\/v2\/users\/103"}],"replies":[{"embeddable":true,"href":"http:\/\/blogs.lyceecfadumene.fr\/cdr\/wp-json\/wp\/v2\/comments?post=840"}],"version-history":[{"count":1,"href":"http:\/\/blogs.lyceecfadumene.fr\/cdr\/wp-json\/wp\/v2\/posts\/840\/revisions"}],"predecessor-version":[{"id":842,"href":"http:\/\/blogs.lyceecfadumene.fr\/cdr\/wp-json\/wp\/v2\/posts\/840\/revisions\/842"}],"wp:featuredmedia":[{"embeddable":true,"href":"http:\/\/blogs.lyceecfadumene.fr\/cdr\/wp-json\/wp\/v2\/media\/832"}],"wp:attachment":[{"href":"http:\/\/blogs.lyceecfadumene.fr\/cdr\/wp-json\/wp\/v2\/media?parent=840"}],"wp:term":[{"taxonomy":"category","embeddable":true,"href":"http:\/\/blogs.lyceecfadumene.fr\/cdr\/wp-json\/wp\/v2\/categories?post=840"},{"taxonomy":"post_tag","embeddable":true,"href":"http:\/\/blogs.lyceecfadumene.fr\/cdr\/wp-json\/wp\/v2\/tags?post=840"}],"curies":[{"name":"wp","href":"https:\/\/api.w.org\/{rel}","templated":true}]}}