{"id":1298,"date":"2026-03-13T12:04:40","date_gmt":"2026-03-13T11:04:40","guid":{"rendered":"https:\/\/blogs.lyceecfadumene.fr\/cdr\/?p=1298"},"modified":"2026-03-13T12:05:58","modified_gmt":"2026-03-13T11:05:58","slug":"dys-tout-un-site-ressource-pour-mieux-comprendre-et-accompagner-les-troubles-dys","status":"publish","type":"post","link":"http:\/\/blogs.lyceecfadumene.fr\/cdr\/2026\/03\/13\/dys-tout-un-site-ressource-pour-mieux-comprendre-et-accompagner-les-troubles-dys\/","title":{"rendered":"Dys-Tout : un site ressource pour mieux comprendre et accompagner les troubles \u00abDys\u00bb"},"content":{"rendered":"\n<figure class=\"wp-block-image size-full\"><img data-recalc-dims=\"1\" loading=\"lazy\" decoding=\"async\" width=\"152\" height=\"157\" data-attachment-id=\"964\" data-permalink=\"http:\/\/blogs.lyceecfadumene.fr\/cdr\/veille-accessibilite-numerique\/index-2\/\" data-orig-file=\"https:\/\/i0.wp.com\/blogs.lyceecfadumene.fr\/cdr\/files\/2024\/03\/index.png?fit=152%2C157\" data-orig-size=\"152,157\" data-comments-opened=\"1\" data-image-meta=\"{&quot;aperture&quot;:&quot;0&quot;,&quot;credit&quot;:&quot;&quot;,&quot;camera&quot;:&quot;&quot;,&quot;caption&quot;:&quot;&quot;,&quot;created_timestamp&quot;:&quot;0&quot;,&quot;copyright&quot;:&quot;&quot;,&quot;focal_length&quot;:&quot;0&quot;,&quot;iso&quot;:&quot;0&quot;,&quot;shutter_speed&quot;:&quot;0&quot;,&quot;title&quot;:&quot;&quot;,&quot;orientation&quot;:&quot;0&quot;}\" data-image-title=\"index\" data-image-description=\"\" data-image-caption=\"\" data-large-file=\"https:\/\/i0.wp.com\/blogs.lyceecfadumene.fr\/cdr\/files\/2024\/03\/index.png?fit=152%2C157\" src=\"https:\/\/i0.wp.com\/blogs.lyceecfadumene.fr\/cdr\/files\/2024\/03\/index.png?resize=152%2C157\" alt=\"\" class=\"wp-image-964\" \/><\/figure>\n\n\n\n<p>Le lien vers le site : <a href=\"https:\/\/dys-tout.fr\/\">https:\/\/dys-tout.fr\/<\/a><\/p>\n\n\n\n<p>Dans une logique d\u2019inclusion et d\u2019accessibilit\u00e9 des formations, le site <strong>Dys-Tout<\/strong> propose une mine d\u2019informations pour mieux comprendre les troubles sp\u00e9cifiques des apprentissages (dyslexie, dyspraxie, dysphasie, dyscalculie\u2026).<\/p>\n\n\n\n<p>Il s\u2019agit d\u2019une initiative bretonne : <strong>la Mission Locale Centre Bretagne<\/strong>, en collaboration avec de nombreux partenaires (organismes de formation, structures d\u2019accompagnement, association APEDYS\u2026), a lanc\u00e9 ce projet afin de favoriser l\u2019acc\u00e8s \u00e0 la formation continue et \u00e0 l\u2019emploi des personnes rencontrant des difficult\u00e9s li\u00e9es aux troubles DYS. Ce travail collectif a permis d\u2019identifier et de partager de nombreuses bonnes pratiques.<\/p>\n\n\n\n<p>Pens\u00e9 pour les professionnels de la formation, de l\u2019accompagnement et de l\u2019insertion, le site offre des rep\u00e8res clairs pour identifier les difficult\u00e9s rencontr\u00e9es par les personnes \u00ab Dys \u00bb et adapter ses pratiques p\u00e9dagogiques.<\/p>\n\n\n\n<p><strong>Dys-Tout<\/strong> fonctionne comme une v\u00e9ritable bo\u00eete \u00e0 outils : d\u00e9finitions, conseils concrets, t\u00e9moignages, ressources et pistes d\u2019adaptation\u2026 autant d\u2019\u00e9l\u00e9ments utiles pour mieux accueillir des apprenants aux profils vari\u00e9s.<\/p>\n\n\n\n<p>Autre point int\u00e9ressant : le site int\u00e8gre des options d\u2019accessibilit\u00e9 (contrastes, taille du texte, affichage visuel), facilitant la consultation pour les personnes ayant des difficult\u00e9s de lecture ou de perception.<\/p>\n\n\n\n<p>Une ressource simple, claire et directement exploitable pour toute structure souhaitant d\u00e9velopper une p\u00e9dagogie inclusive.<\/p>\n\n\n\n<p><\/p>\n","protected":false},"excerpt":{"rendered":"<p>Le lien vers le site : https:\/\/dys-tout.fr\/ Dans une logique d\u2019inclusion et d\u2019accessibilit\u00e9 des formations, le site Dys-Tout propose une mine d\u2019informations pour mieux comprendre les troubles sp\u00e9cifiques des apprentissages (dyslexie, dyspraxie, dysphasie, dyscalculie\u2026). Il s\u2019agit d\u2019une initiative bretonne : la Mission Locale Centre Bretagne, en collaboration avec de nombreux partenaires (organismes de formation, structures [&hellip;]<\/p>\n","protected":false},"author":103,"featured_media":964,"comment_status":"open","ping_status":"open","sticky":false,"template":"","format":"standard","meta":{"_jetpack_memberships_contains_paid_content":false,"footnotes":""},"categories":[1],"tags":[],"class_list":["post-1298","post","type-post","status-publish","format-standard","has-post-thumbnail","hentry","category-non-classe"],"aioseo_notices":[],"jetpack_featured_media_url":"https:\/\/i0.wp.com\/blogs.lyceecfadumene.fr\/cdr\/files\/2024\/03\/index.png?fit=152%2C157","jetpack_sharing_enabled":true,"jetpack-related-posts":[{"id":1315,"url":"http:\/\/blogs.lyceecfadumene.fr\/cdr\/2026\/03\/13\/hoptoys-des-fidgets-toys-pour-accompagner-les-troubles-de-lapprentissage\/","url_meta":{"origin":1298,"position":0},"title":"HopToys : des fidgets toys pour accompagner les troubles de l&rsquo;apprentissage","author":"fdouan","date":"13 mars 2026","format":false,"excerpt":"Lien vers le site internet : https:\/\/www.hoptoys.fr\/ HopToys est une boutique en ligne sp\u00e9cialis\u00e9e dans les jeux, jouets et outils adapt\u00e9s pour les enfants et les personnes avec des besoins sp\u00e9cifiques (handicap, troubles DYS, TDAH, troubles de l\u2019attention, polyhandicap\u2026). Elle propose une large s\u00e9lection de solutions ludiques destin\u00e9es \u00e0 favoriser\u2026","rel":"","context":"Dans &quot;Non class\u00e9&quot;","block_context":{"text":"Non class\u00e9","link":"http:\/\/blogs.lyceecfadumene.fr\/cdr\/category\/non-classe\/"},"img":{"alt_text":"","src":"https:\/\/i0.wp.com\/blogs.lyceecfadumene.fr\/cdr\/files\/2024\/03\/hoptoys-logopetit.jpg?resize=350%2C200","width":350,"height":200},"classes":[]},{"id":874,"url":"http:\/\/blogs.lyceecfadumene.fr\/cdr\/2024\/03\/14\/mirage-make-mirage-dys\/","url_meta":{"origin":1298,"position":1},"title":"Mirage Make \/ Mirage Dys","author":"fdouan","date":"14 mars 2024","format":false,"excerpt":"Logo de l'application Mirage Make Mirage est un ensemble d'applications qui fonctionnent gr\u00e2ce \u00e0 la r\u00e9alit\u00e9 augment\u00e9e. Ses fonctions sont adapt\u00e9es \u00e0 l'usage p\u00e9dagogique et favorisent l'accessibilit\u00e9 num\u00e9rique. Cette pr\u00e9sentation va davantage \u00eatre tourn\u00e9e vers l'application Mirage Dys, qui fait donc partie des options propos\u00e9es par Mirage. Son objectif principal\u2026","rel":"","context":"Dans &quot;Non class\u00e9&quot;","block_context":{"text":"Non class\u00e9","link":"http:\/\/blogs.lyceecfadumene.fr\/cdr\/category\/non-classe\/"},"img":{"alt_text":"Logo de l'application Mirage Make","src":"https:\/\/i0.wp.com\/blogs.lyceecfadumene.fr\/cdr\/files\/2023\/10\/mirage_make-200x200-1.png?resize=350%2C200&ssl=1","width":350,"height":200},"classes":[]},{"id":279,"url":"http:\/\/blogs.lyceecfadumene.fr\/cdr\/2022\/09\/15\/le-pole-accompagnement\/","url_meta":{"origin":1298,"position":2},"title":"Le P\u00f4le Accompagnement","author":"fdouan","date":"15 septembre 2022","format":false,"excerpt":"Qu'est-ce que c'est ? Le P\u00f4le Accompagnement est un regroupement des services CDR et Handicap. Il a d\u00e9but\u00e9 lors d'une formation visant \u00e0 am\u00e9liorer la collaboration des r\u00e9f\u00e9rents handicap et des animateurs CDR. En effet, les objectifs des deux services sont similaires : r\u00e9pondre aux besoins sp\u00e9cifiques des apprenants. En\u2026","rel":"","context":"Dans &quot;Non class\u00e9&quot;","block_context":{"text":"Non class\u00e9","link":"http:\/\/blogs.lyceecfadumene.fr\/cdr\/category\/non-classe\/"},"img":{"alt_text":"","src":"https:\/\/i0.wp.com\/blogs.lyceecfadumene.fr\/cdr\/files\/2022\/09\/pole-accompagnement-logo.png?fit=534%2C422&resize=350%2C200","width":350,"height":200,"srcset":"https:\/\/i0.wp.com\/blogs.lyceecfadumene.fr\/cdr\/files\/2022\/09\/pole-accompagnement-logo.png?fit=534%2C422&resize=350%2C200 1x, https:\/\/i0.wp.com\/blogs.lyceecfadumene.fr\/cdr\/files\/2022\/09\/pole-accompagnement-logo.png?fit=534%2C422&resize=525%2C300 1.5x"},"classes":[]},{"id":986,"url":"http:\/\/blogs.lyceecfadumene.fr\/cdr\/2024\/03\/20\/glaaster-un-outil-pour-les-dys\/","url_meta":{"origin":1298,"position":3},"title":"Glaaster : un outil pour les dys","author":"fdouan","date":"20 mars 2024","format":false,"excerpt":"Glaaster est une plateforme en ligne qui propose des outils d'adaptation de contenu pour les personnes dyslexiques.","rel":"","context":"Dans &quot;Non class\u00e9&quot;","block_context":{"text":"Non class\u00e9","link":"http:\/\/blogs.lyceecfadumene.fr\/cdr\/category\/non-classe\/"},"img":{"alt_text":"Glaaster est une plateforme en ligne qui propose des outils d'adaptation de contenu pour les personnes dyslexiques.","src":"https:\/\/i0.wp.com\/blogs.lyceecfadumene.fr\/cdr\/files\/2024\/03\/Glaaster.png?resize=350%2C200&ssl=1","width":350,"height":200},"classes":[]},{"id":1302,"url":"http:\/\/blogs.lyceecfadumene.fr\/cdr\/2026\/03\/13\/languagetool-un-correcteur-intelligent-pour-ecrire-sans-fautes\/","url_meta":{"origin":1298,"position":4},"title":"LanguageTool : un correcteur intelligent pour \u00e9crire sans fautes","author":"fdouan","date":"13 mars 2026","format":false,"excerpt":"Lien vers l'outil : https:\/\/languagetool.org\/fr\/ LanguageTool est un correcteur en ligne multilingue qui aide \u00e0 d\u00e9tecter les fautes d\u2019orthographe, de grammaire et de style. Simple et intuitif, il est particuli\u00e8rement utile pour les apprenants, les formateurs ou toute personne souhaitant produire des textes clairs et lisibles, notamment les personnes pr\u00e9sentant\u2026","rel":"","context":"Dans &quot;Non class\u00e9&quot;","block_context":{"text":"Non class\u00e9","link":"http:\/\/blogs.lyceecfadumene.fr\/cdr\/category\/non-classe\/"},"img":{"alt_text":"","src":"https:\/\/i0.wp.com\/blogs.lyceecfadumene.fr\/cdr\/files\/2024\/03\/LanguageTool_Logo_2018.svg_.png?fit=1200%2C906&resize=350%2C200","width":350,"height":200,"srcset":"https:\/\/i0.wp.com\/blogs.lyceecfadumene.fr\/cdr\/files\/2024\/03\/LanguageTool_Logo_2018.svg_.png?fit=1200%2C906&resize=350%2C200 1x, https:\/\/i0.wp.com\/blogs.lyceecfadumene.fr\/cdr\/files\/2024\/03\/LanguageTool_Logo_2018.svg_.png?fit=1200%2C906&resize=525%2C300 1.5x, https:\/\/i0.wp.com\/blogs.lyceecfadumene.fr\/cdr\/files\/2024\/03\/LanguageTool_Logo_2018.svg_.png?fit=1200%2C906&resize=700%2C400 2x, https:\/\/i0.wp.com\/blogs.lyceecfadumene.fr\/cdr\/files\/2024\/03\/LanguageTool_Logo_2018.svg_.png?fit=1200%2C906&resize=1050%2C600 3x"},"classes":[]},{"id":1308,"url":"http:\/\/blogs.lyceecfadumene.fr\/cdr\/2026\/03\/13\/lirec-une-plateforme-pour-ecrire-en-facile-a-lire-et-a-comprendre\/","url_meta":{"origin":1298,"position":5},"title":"LIREC : une plateforme pour \u00e9crire en Facile \u00e0 Lire et \u00e0 Comprendre","author":"fdouan","date":"13 mars 2026","format":false,"excerpt":"Lien vers l'outil : https:\/\/sioux.univ-paris8.fr\/lirec\/ LIREC est une plateforme web gratuite con\u00e7ue pour aider \u00e0 produire des documents en Facile \u00e0 Lire et \u00e0 Comprendre (FALC). Ce format vise particuli\u00e8rement \u00e0 rendre l\u2019information accessible aux personnes ayant des difficult\u00e9s de compr\u00e9hension (handicap intellectuel, troubles cognitifs, situations d\u2019apprentissage singuli\u00e8res). Qu\u2019est\u2011ce que\u2026","rel":"","context":"Dans &quot;Non class\u00e9&quot;","block_context":{"text":"Non class\u00e9","link":"http:\/\/blogs.lyceecfadumene.fr\/cdr\/category\/non-classe\/"},"img":{"alt_text":"","src":"https:\/\/i0.wp.com\/blogs.lyceecfadumene.fr\/cdr\/files\/2024\/03\/Logo-lirec.png?resize=350%2C200","width":350,"height":200},"classes":[]}],"_links":{"self":[{"href":"http:\/\/blogs.lyceecfadumene.fr\/cdr\/wp-json\/wp\/v2\/posts\/1298","targetHints":{"allow":["GET"]}}],"collection":[{"href":"http:\/\/blogs.lyceecfadumene.fr\/cdr\/wp-json\/wp\/v2\/posts"}],"about":[{"href":"http:\/\/blogs.lyceecfadumene.fr\/cdr\/wp-json\/wp\/v2\/types\/post"}],"author":[{"embeddable":true,"href":"http:\/\/blogs.lyceecfadumene.fr\/cdr\/wp-json\/wp\/v2\/users\/103"}],"replies":[{"embeddable":true,"href":"http:\/\/blogs.lyceecfadumene.fr\/cdr\/wp-json\/wp\/v2\/comments?post=1298"}],"version-history":[{"count":2,"href":"http:\/\/blogs.lyceecfadumene.fr\/cdr\/wp-json\/wp\/v2\/posts\/1298\/revisions"}],"predecessor-version":[{"id":1300,"href":"http:\/\/blogs.lyceecfadumene.fr\/cdr\/wp-json\/wp\/v2\/posts\/1298\/revisions\/1300"}],"wp:featuredmedia":[{"embeddable":true,"href":"http:\/\/blogs.lyceecfadumene.fr\/cdr\/wp-json\/wp\/v2\/media\/964"}],"wp:attachment":[{"href":"http:\/\/blogs.lyceecfadumene.fr\/cdr\/wp-json\/wp\/v2\/media?parent=1298"}],"wp:term":[{"taxonomy":"category","embeddable":true,"href":"http:\/\/blogs.lyceecfadumene.fr\/cdr\/wp-json\/wp\/v2\/categories?post=1298"},{"taxonomy":"post_tag","embeddable":true,"href":"http:\/\/blogs.lyceecfadumene.fr\/cdr\/wp-json\/wp\/v2\/tags?post=1298"}],"curies":[{"name":"wp","href":"https:\/\/api.w.org\/{rel}","templated":true}]}}