{"id":1048,"date":"2024-02-29T13:55:01","date_gmt":"2024-02-29T12:55:01","guid":{"rendered":"https:\/\/blogs.lyceecfadumene.fr\/cdr\/?p=1048"},"modified":"2024-03-20T14:04:37","modified_gmt":"2024-03-20T13:04:37","slug":"formation-aux-outils-numeriques","status":"publish","type":"post","link":"http:\/\/blogs.lyceecfadumene.fr\/cdr\/2024\/02\/29\/formation-aux-outils-numeriques\/","title":{"rendered":"Formation aux outils num\u00e9riques"},"content":{"rendered":"\n<p>Pendant la Semaine 9 (du 26\/02\/2024 au 01\/03\/2024 ) s&rsquo;est d\u00e9roul\u00e9e une semaine de formation aux outils num\u00e9riques au CDR. Voici le programme propos\u00e9 :<\/p>\n\n\n\n<figure class=\"wp-block-image size-large\"><img data-recalc-dims=\"1\" height=\"1024\" width=\"576\" decoding=\"async\" data-attachment-id=\"1049\" data-permalink=\"http:\/\/blogs.lyceecfadumene.fr\/cdr\/2024\/02\/29\/formation-aux-outils-numeriques\/affiche-formations-aux-outils-numeriques\/\" data-orig-file=\"https:\/\/i0.wp.com\/blogs.lyceecfadumene.fr\/cdr\/files\/2024\/03\/Affiche-formations-aux-outils-numeriques-e1710939845636.png?fit=1043%2C607\" data-orig-size=\"1043,607\" data-comments-opened=\"1\" data-image-meta=\"{&quot;aperture&quot;:&quot;0&quot;,&quot;credit&quot;:&quot;&quot;,&quot;camera&quot;:&quot;&quot;,&quot;caption&quot;:&quot;&quot;,&quot;created_timestamp&quot;:&quot;0&quot;,&quot;copyright&quot;:&quot;&quot;,&quot;focal_length&quot;:&quot;0&quot;,&quot;iso&quot;:&quot;0&quot;,&quot;shutter_speed&quot;:&quot;0&quot;,&quot;title&quot;:&quot;&quot;,&quot;orientation&quot;:&quot;0&quot;}\" data-image-title=\"Affiche-formations-aux-outils-numeriques\" data-image-description=\"\" data-image-caption=\"\" data-large-file=\"https:\/\/i0.wp.com\/blogs.lyceecfadumene.fr\/cdr\/files\/2024\/03\/Affiche-formations-aux-outils-numeriques-e1710939845636.png?fit=1024%2C596\" src=\"https:\/\/i0.wp.com\/blogs.lyceecfadumene.fr\/cdr\/files\/2024\/03\/Affiche-formations-aux-outils-numeriques-576x1024.png?resize=576%2C1024&#038;ssl=1\" alt=\"\" class=\"wp-image-1049\" \/><\/figure>\n\n\n\n<p>Ces formations sont avant tout pratiques, les formateurs se sont rapidement install\u00e9s derri\u00e8re des ordinateurs pour construire des outils p\u00e9dagogiques num\u00e9riques.<\/p>\n\n\n\n<p>Si vous n&rsquo;avez pas pu assister \u00e0 ces formations, vous pouvez retrouver tous les livrets de formations en cliquant sur le bouton ci-dessous.<\/p>\n\n\n\n<div class=\"wp-block-buttons is-content-justification-space-between is-layout-flex wp-container-core-buttons-is-layout-b2891da8 wp-block-buttons-is-layout-flex\">\n<div class=\"wp-block-button has-custom-width wp-block-button__width-100 is-style-outline is-style-outline--1\"><a class=\"wp-block-button__link has-foreground-color has-vivid-green-cyan-background-color has-text-color has-background has-link-color has-text-align-center wp-element-button\" href=\"https:\/\/blogs.lyceecfadumene.fr\/cdr\/creation-de-ressources-numeriques\/\" style=\"border-radius:7px\"><strong>Obtenir les livrets de formation<\/strong><\/a><\/div>\n<\/div>\n","protected":false},"excerpt":{"rendered":"<p>Pendant la Semaine 9 (du 26\/02\/2024 au 01\/03\/2024 ) s&rsquo;est d\u00e9roul\u00e9e une semaine de formation aux outils num\u00e9riques au CDR.<\/p>\n","protected":false},"author":103,"featured_media":1049,"comment_status":"open","ping_status":"open","sticky":false,"template":"","format":"standard","meta":{"_jetpack_memberships_contains_paid_content":false,"footnotes":""},"categories":[1],"tags":[],"class_list":["post-1048","post","type-post","status-publish","format-standard","has-post-thumbnail","hentry","category-non-classe"],"aioseo_notices":[],"jetpack_featured_media_url":"https:\/\/i0.wp.com\/blogs.lyceecfadumene.fr\/cdr\/files\/2024\/03\/Affiche-formations-aux-outils-numeriques-e1710939845636.png?fit=1043%2C607","jetpack_sharing_enabled":true,"jetpack-related-posts":[{"id":279,"url":"http:\/\/blogs.lyceecfadumene.fr\/cdr\/2022\/09\/15\/le-pole-accompagnement\/","url_meta":{"origin":1048,"position":0},"title":"Le P\u00f4le Accompagnement","author":"fdouan","date":"15 septembre 2022","format":false,"excerpt":"Qu'est-ce que c'est ? Le P\u00f4le Accompagnement est un regroupement des services CDR et Handicap. Il a d\u00e9but\u00e9 lors d'une formation visant \u00e0 am\u00e9liorer la collaboration des r\u00e9f\u00e9rents handicap et des animateurs CDR. En effet, les objectifs des deux services sont similaires : r\u00e9pondre aux besoins sp\u00e9cifiques des apprenants. En\u2026","rel":"","context":"Dans &quot;Non class\u00e9&quot;","block_context":{"text":"Non class\u00e9","link":"http:\/\/blogs.lyceecfadumene.fr\/cdr\/category\/non-classe\/"},"img":{"alt_text":"","src":"https:\/\/i0.wp.com\/blogs.lyceecfadumene.fr\/cdr\/files\/2022\/09\/pole-accompagnement-logo.png?fit=534%2C422&resize=350%2C200","width":350,"height":200,"srcset":"https:\/\/i0.wp.com\/blogs.lyceecfadumene.fr\/cdr\/files\/2022\/09\/pole-accompagnement-logo.png?fit=534%2C422&resize=350%2C200 1x, https:\/\/i0.wp.com\/blogs.lyceecfadumene.fr\/cdr\/files\/2022\/09\/pole-accompagnement-logo.png?fit=534%2C422&resize=525%2C300 1.5x"},"classes":[]},{"id":1322,"url":"http:\/\/blogs.lyceecfadumene.fr\/cdr\/2026\/03\/13\/eva-evaluer-les-competences-de-base-avec-lanlci\/","url_meta":{"origin":1048,"position":1},"title":"EVA \u2013 \u00e9valuer les comp\u00e9tences de base avec l\u2019ANLCI","author":"fdouan","date":"13 mars 2026","format":false,"excerpt":"Lien vers l'outil : https:\/\/eva.anlci.gouv.fr\/ EVA (plateforme d\u2019\u00e9valuation des comp\u00e9tences de base) est un outil num\u00e9rique gratuit con\u00e7u par l\u2019Agence Nationale de Lutte Contre l\u2019Illettrisme (ANLCI), destin\u00e9 aux professionnels qui accompagnent des personnes en insertion, en formation ou en recherche d\u2019emploi. Il permet d\u2019\u00e9valuer, diagnostiquer et positionner les comp\u00e9tences essentielles\u2026","rel":"","context":"Dans &quot;Non class\u00e9&quot;","block_context":{"text":"Non class\u00e9","link":"http:\/\/blogs.lyceecfadumene.fr\/cdr\/category\/non-classe\/"},"img":{"alt_text":"","src":"https:\/\/i0.wp.com\/blogs.lyceecfadumene.fr\/cdr\/files\/2026\/03\/logo-eva.png?resize=350%2C200","width":350,"height":200},"classes":[]},{"id":983,"url":"http:\/\/blogs.lyceecfadumene.fr\/cdr\/2024\/01\/09\/balabolka\/","url_meta":{"origin":1048,"position":2},"title":"Balabolka","author":"fdouan","date":"9 janvier 2024","format":false,"excerpt":"Balabolka est un logiciel gratuit de synth\u00e8se vocale qui offre une gamme de fonctionnalit\u00e9s pour faciliter la lecture et la conversion de texte.","rel":"","context":"Dans &quot;Non class\u00e9&quot;","block_context":{"text":"Non class\u00e9","link":"http:\/\/blogs.lyceecfadumene.fr\/cdr\/category\/non-classe\/"},"img":{"alt_text":"","src":"https:\/\/i0.wp.com\/blogs.lyceecfadumene.fr\/cdr\/files\/2024\/03\/balaboka-logobis.png?fit=529%2C551&resize=350%2C200","width":350,"height":200,"srcset":"https:\/\/i0.wp.com\/blogs.lyceecfadumene.fr\/cdr\/files\/2024\/03\/balaboka-logobis.png?fit=529%2C551&resize=350%2C200 1x, https:\/\/i0.wp.com\/blogs.lyceecfadumene.fr\/cdr\/files\/2024\/03\/balaboka-logobis.png?fit=529%2C551&resize=525%2C300 1.5x"},"classes":[]},{"id":986,"url":"http:\/\/blogs.lyceecfadumene.fr\/cdr\/2024\/03\/20\/glaaster-un-outil-pour-les-dys\/","url_meta":{"origin":1048,"position":3},"title":"Glaaster : un outil pour les dys","author":"fdouan","date":"20 mars 2024","format":false,"excerpt":"Glaaster est une plateforme en ligne qui propose des outils d'adaptation de contenu pour les personnes dyslexiques.","rel":"","context":"Dans &quot;Non class\u00e9&quot;","block_context":{"text":"Non class\u00e9","link":"http:\/\/blogs.lyceecfadumene.fr\/cdr\/category\/non-classe\/"},"img":{"alt_text":"Glaaster est une plateforme en ligne qui propose des outils d'adaptation de contenu pour les personnes dyslexiques.","src":"https:\/\/i0.wp.com\/blogs.lyceecfadumene.fr\/cdr\/files\/2024\/03\/Glaaster.png?resize=350%2C200&ssl=1","width":350,"height":200},"classes":[]},{"id":612,"url":"http:\/\/blogs.lyceecfadumene.fr\/cdr\/2023\/05\/17\/moodle-ou-moodea\/","url_meta":{"origin":1048,"position":4},"title":"Moodle ou Moodea","author":"fdouan","date":"17 mai 2023","format":false,"excerpt":"Moodle, notre LMS ( Learning Management System ). Il permet de g\u00e9rer les ressources et les cours en lignes, de les rendre accessibles et varier pour les apprenants : PDF, pr\u00e9sentations, quiz interactifs et auto-correctifs, vid\u00e9os etc\u2026 Les apprenants sont inscrits \u00e0 des cours auxquels ils ont acc\u00e8s pour toute\u2026","rel":"","context":"Dans &quot;Non class\u00e9&quot;","block_context":{"text":"Non class\u00e9","link":"http:\/\/blogs.lyceecfadumene.fr\/cdr\/category\/non-classe\/"},"img":{"alt_text":"","src":"https:\/\/i0.wp.com\/blogs.lyceecfadumene.fr\/cdr\/files\/2023\/05\/Moodea-logo.png?resize=350%2C200","width":350,"height":200},"classes":[]},{"id":332,"url":"http:\/\/blogs.lyceecfadumene.fr\/cdr\/2023\/01\/05\/ypareo\/","url_meta":{"origin":1048,"position":5},"title":"Ypar\u00e9o","author":"fdouan","date":"5 janvier 2023","format":false,"excerpt":"Qu'est-ce que c'est ? Ypar\u00e9o est un ERP ( Enterprise Resource Planning ) utilis\u00e9 par le CFA de Merdrignac. Cet outil permet de g\u00e9rer les emplois du temps, les cahiers de texte, les bulletins de notes, le suivi des apprenants, le suivi entreprise etc... Il est compatible avec plusieurs autres\u2026","rel":"","context":"Dans &quot;Non class\u00e9&quot;","block_context":{"text":"Non class\u00e9","link":"http:\/\/blogs.lyceecfadumene.fr\/cdr\/category\/non-classe\/"},"img":{"alt_text":"","src":"https:\/\/i0.wp.com\/blogs.lyceecfadumene.fr\/cdr\/files\/2023\/01\/index.png?resize=350%2C200","width":350,"height":200},"classes":[]}],"_links":{"self":[{"href":"http:\/\/blogs.lyceecfadumene.fr\/cdr\/wp-json\/wp\/v2\/posts\/1048","targetHints":{"allow":["GET"]}}],"collection":[{"href":"http:\/\/blogs.lyceecfadumene.fr\/cdr\/wp-json\/wp\/v2\/posts"}],"about":[{"href":"http:\/\/blogs.lyceecfadumene.fr\/cdr\/wp-json\/wp\/v2\/types\/post"}],"author":[{"embeddable":true,"href":"http:\/\/blogs.lyceecfadumene.fr\/cdr\/wp-json\/wp\/v2\/users\/103"}],"replies":[{"embeddable":true,"href":"http:\/\/blogs.lyceecfadumene.fr\/cdr\/wp-json\/wp\/v2\/comments?post=1048"}],"version-history":[{"count":1,"href":"http:\/\/blogs.lyceecfadumene.fr\/cdr\/wp-json\/wp\/v2\/posts\/1048\/revisions"}],"predecessor-version":[{"id":1050,"href":"http:\/\/blogs.lyceecfadumene.fr\/cdr\/wp-json\/wp\/v2\/posts\/1048\/revisions\/1050"}],"wp:featuredmedia":[{"embeddable":true,"href":"http:\/\/blogs.lyceecfadumene.fr\/cdr\/wp-json\/wp\/v2\/media\/1049"}],"wp:attachment":[{"href":"http:\/\/blogs.lyceecfadumene.fr\/cdr\/wp-json\/wp\/v2\/media?parent=1048"}],"wp:term":[{"taxonomy":"category","embeddable":true,"href":"http:\/\/blogs.lyceecfadumene.fr\/cdr\/wp-json\/wp\/v2\/categories?post=1048"},{"taxonomy":"post_tag","embeddable":true,"href":"http:\/\/blogs.lyceecfadumene.fr\/cdr\/wp-json\/wp\/v2\/tags?post=1048"}],"curies":[{"name":"wp","href":"https:\/\/api.w.org\/{rel}","templated":true}]}}