{"id":2265,"date":"2020-11-27T12:00:30","date_gmt":"2020-11-27T11:00:30","guid":{"rendered":"https:\/\/blogs.lyceecfadumene.fr\/animalerie\/?p=2265"},"modified":"2022-04-03T16:43:29","modified_gmt":"2022-04-03T15:43:29","slug":"rencontre-avec-yoann-latouche","status":"publish","type":"post","link":"http:\/\/blogs.lyceecfadumene.fr\/animalerie\/2020\/11\/27\/rencontre-avec-yoann-latouche\/","title":{"rendered":"Rencontre avec Yoann Latouche"},"content":{"rendered":"<p>Le 19 novembre 2020, <a href=\"https:\/\/www.instagram.com\/yoannlatouche\/?hl=fr\" target=\"_blank\" rel=\"noopener noreferrer\">Yoann Latouche<\/a> est venu \u00e0 la rencontre de nos \u00e9tudiants pour leur parler de son parcours lors d\u2019une conf\u00e9rence. Il a ainsi expliqu\u00e9 qu\u2019il a h\u00e9rit\u00e9 sa passion des chats et chiens de son grand-p\u00e8re, et a depuis lors continu\u00e9 ses \u00e9tudes dans le domaine animalier.<\/p>\n<p>Il a exerc\u00e9 diff\u00e9rents m\u00e9tiers. Il a commenc\u00e9 en \u00e9tant b\u00e9n\u00e9vole \u00e0 la SPA de Vannes pendant 7 ans, tout en obtenant en parall\u00e8le son brevet d\u2019\u00e9ducateur canin.<\/p>\n<p><a href=\"https:\/\/i0.wp.com\/blogs.lyceecfadumene.fr\/animalerie\/files\/2020\/11\/rencontre-yoann-latouche.jpg?ssl=1\"><img data-recalc-dims=\"1\" loading=\"lazy\" decoding=\"async\" data-attachment-id=\"2267\" data-permalink=\"http:\/\/blogs.lyceecfadumene.fr\/animalerie\/2020\/11\/27\/rencontre-avec-yoann-latouche\/rencontre-yoann-latouche\/\" data-orig-file=\"https:\/\/i0.wp.com\/blogs.lyceecfadumene.fr\/animalerie\/files\/2020\/11\/rencontre-yoann-latouche.jpg?fit=960%2C624\" data-orig-size=\"960,624\" data-comments-opened=\"1\" data-image-meta=\"{&quot;aperture&quot;:&quot;0&quot;,&quot;credit&quot;:&quot;&quot;,&quot;camera&quot;:&quot;&quot;,&quot;caption&quot;:&quot;&quot;,&quot;created_timestamp&quot;:&quot;0&quot;,&quot;copyright&quot;:&quot;&quot;,&quot;focal_length&quot;:&quot;0&quot;,&quot;iso&quot;:&quot;0&quot;,&quot;shutter_speed&quot;:&quot;0&quot;,&quot;title&quot;:&quot;&quot;,&quot;orientation&quot;:&quot;0&quot;}\" data-image-title=\"rencontre yoann latouche\" data-image-description=\"\" data-image-caption=\"\" data-large-file=\"https:\/\/i0.wp.com\/blogs.lyceecfadumene.fr\/animalerie\/files\/2020\/11\/rencontre-yoann-latouche.jpg?fit=525%2C341\" class=\"aligncenter wp-image-2267\" src=\"https:\/\/i0.wp.com\/blogs.lyceecfadumene.fr\/animalerie\/files\/2020\/11\/rencontre-yoann-latouche.jpg?resize=525%2C341&#038;ssl=1\" alt=\"\" width=\"525\" height=\"341\" srcset=\"https:\/\/i0.wp.com\/blogs.lyceecfadumene.fr\/animalerie\/files\/2020\/11\/rencontre-yoann-latouche.jpg?w=960 960w, https:\/\/i0.wp.com\/blogs.lyceecfadumene.fr\/animalerie\/files\/2020\/11\/rencontre-yoann-latouche.jpg?resize=300%2C195 300w, https:\/\/i0.wp.com\/blogs.lyceecfadumene.fr\/animalerie\/files\/2020\/11\/rencontre-yoann-latouche.jpg?resize=768%2C499 768w\" sizes=\"auto, (max-width: 525px) 100vw, 525px\" \/><\/a><\/p>\n<p>Par la suite, il a pu effectuer des alternances dans diverses entreprises animali\u00e8res pendant 4 ans. Avec ses nouvelles connaissances, il a \u00e9t\u00e9 recrut\u00e9 par une grande marque de Pet Food am\u00e9ricaine, finissant m\u00eame par devenir ambassadeur de la marque. 7 ans plus tard, il quitte la marque afin de devenir \u00e9diteur de son propre magasine canin, puis l\u2019ann\u00e9e suivante de son propre magasine f\u00e9lin.<\/p>\n<p>\u00c9tant maintenant le patron de sa propre entreprise de communication, il s\u2019occupe de promouvoir les grandes marques animali\u00e8res. Il est aussi en collaboration avec les cha\u00eenes de t\u00e9l\u00e9vision du groupe Canal +.<\/p>\n<p>Les \u00e9tudiants ont ainsi appris que, gr\u00e2ce \u00e0 son parcours, sa volont\u00e9 et ses connaissances il a pu devenir ambassadeur de marque, et monter sa propre entreprise.<\/p>\n<p>Nous le remercions pour sa venue et ces moments partag\u00e9s, ainsi que tous les conseils qu\u2019il a pu apporter.<\/p>\n<p>Les \u00e9tudiants de BTS 1 TC.<\/p>\n","protected":false},"excerpt":{"rendered":"<p>Le 19 novembre 2020, Yoann Latouche est venu \u00e0 la rencontre de nos \u00e9tudiants pour leur parler de son parcours lors d\u2019une conf\u00e9rence. Il a ainsi expliqu\u00e9 qu\u2019il a h\u00e9rit\u00e9 sa passion des chats et chiens de son grand-p\u00e8re, et a depuis lors continu\u00e9 ses \u00e9tudes dans le domaine animalier. Il a exerc\u00e9 diff\u00e9rents m\u00e9tiers. &hellip; <\/p>\n<p class=\"link-more\"><a href=\"http:\/\/blogs.lyceecfadumene.fr\/animalerie\/2020\/11\/27\/rencontre-avec-yoann-latouche\/\" class=\"more-link\">Continuer la lecture<span class=\"screen-reader-text\"> de &laquo;&nbsp;Rencontre avec Yoann Latouche&nbsp;&raquo;<\/span><\/a><\/p>\n","protected":false},"author":43,"featured_media":0,"comment_status":"open","ping_status":"open","sticky":false,"template":"","format":"standard","meta":{"_jetpack_memberships_contains_paid_content":false,"footnotes":"","jetpack_publicize_message":"","jetpack_publicize_feature_enabled":true,"jetpack_social_post_already_shared":true,"jetpack_social_options":{"image_generator_settings":{"template":"highway","default_image_id":0,"font":"","enabled":false},"version":2}},"categories":[1],"tags":[7674,26296],"class_list":["post-2265","post","type-post","status-publish","format-standard","hentry","category-non-classe","tag-animalier","tag-conference"],"aioseo_notices":[],"jetpack_publicize_connections":[],"jetpack_featured_media_url":"","jetpack_shortlink":"https:\/\/wp.me\/p1nc6U-Ax","jetpack-related-posts":[],"jetpack_sharing_enabled":true,"_links":{"self":[{"href":"http:\/\/blogs.lyceecfadumene.fr\/animalerie\/wp-json\/wp\/v2\/posts\/2265","targetHints":{"allow":["GET"]}}],"collection":[{"href":"http:\/\/blogs.lyceecfadumene.fr\/animalerie\/wp-json\/wp\/v2\/posts"}],"about":[{"href":"http:\/\/blogs.lyceecfadumene.fr\/animalerie\/wp-json\/wp\/v2\/types\/post"}],"author":[{"embeddable":true,"href":"http:\/\/blogs.lyceecfadumene.fr\/animalerie\/wp-json\/wp\/v2\/users\/43"}],"replies":[{"embeddable":true,"href":"http:\/\/blogs.lyceecfadumene.fr\/animalerie\/wp-json\/wp\/v2\/comments?post=2265"}],"version-history":[{"count":2,"href":"http:\/\/blogs.lyceecfadumene.fr\/animalerie\/wp-json\/wp\/v2\/posts\/2265\/revisions"}],"predecessor-version":[{"id":2268,"href":"http:\/\/blogs.lyceecfadumene.fr\/animalerie\/wp-json\/wp\/v2\/posts\/2265\/revisions\/2268"}],"wp:attachment":[{"href":"http:\/\/blogs.lyceecfadumene.fr\/animalerie\/wp-json\/wp\/v2\/media?parent=2265"}],"wp:term":[{"taxonomy":"category","embeddable":true,"href":"http:\/\/blogs.lyceecfadumene.fr\/animalerie\/wp-json\/wp\/v2\/categories?post=2265"},{"taxonomy":"post_tag","embeddable":true,"href":"http:\/\/blogs.lyceecfadumene.fr\/animalerie\/wp-json\/wp\/v2\/tags?post=2265"}],"curies":[{"name":"wp","href":"https:\/\/api.w.org\/{rel}","templated":true}]}}