{"id":1565,"date":"2016-03-15T13:59:48","date_gmt":"2016-03-15T12:59:48","guid":{"rendered":"http:\/\/blogs.lyceecfadumene.fr\/animalerie\/?p=1565"},"modified":"2022-04-03T15:28:40","modified_gmt":"2022-04-03T14:28:40","slug":"concours-de-reconnaissance-animaliere","status":"publish","type":"post","link":"http:\/\/blogs.lyceecfadumene.fr\/animalerie\/2016\/03\/15\/concours-de-reconnaissance-animaliere\/","title":{"rendered":"Concours de reconnaissance animali\u00e8re"},"content":{"rendered":"<p><strong>25 \u00e9l\u00e8ves au concours r\u00e9gional de connaissances animali\u00e8res<\/strong><\/p>\n<p>Mercredi, Sylvain Broudic, Emilie Pell\u00e9, Alan Raffray, Adeline P\u00e9dron et Melvyn Maudieu, \u00e9tudiants en BTS technico-commercial au lyc\u00e9e du Men\u00e9, avec l\u2019appui de Daniel Clouet, enseignant, ont organis\u00e9 la <strong>quatri\u00e8me \u00e9dition du concours r\u00e9gional de connaissances et de reconnaissance animali\u00e8re<\/strong>. \u00ab Ce projet nous a permis de prendre des responsabilit\u00e9s, de favoriser notre travail en groupe. L\u2019aide de notre professeur r\u00e9f\u00e9rent a \u00e9t\u00e9 pr\u00e9cieuse \u00bb, indiquent les \u00e9tudiants organisateurs. Vingt-cinq \u00e9l\u00e8ves du lyc\u00e9e du groupe <strong>Saint-Exup\u00e9ry<\/strong> \u00e0 Rennes, de la maison familiale de <strong>Guilliers<\/strong> et du <strong>lyc\u00e9e du Men\u00e9<\/strong> ont particip\u00e9 \u00e0 ce concours. Les candidats ont \u00e9t\u00e9 test\u00e9s sur des <strong>connaissances techniques<\/strong> mais \u00e9galement dans <strong>les domaines de l\u2019alimentation, des produits d\u2019hygi\u00e8nes et de soins et des accessoires pour animaux de compagnie<\/strong>, ainsi que sur la r\u00e9glementation en magasin et sur la possession d\u2019animaux de compagnie.<\/p>\n<figure id=\"attachment_1566\" aria-describedby=\"caption-attachment-1566\" style=\"width: 450px\" class=\"wp-caption aligncenter\"><a href=\"https:\/\/blogs.lyceecfadumene.fr\/animalerie\/2016\/03\/15\/concours-de-reconnaissance-animaliere\/01-3\/\" rel=\"attachment wp-att-1566\"><img data-recalc-dims=\"1\" loading=\"lazy\" decoding=\"async\" data-attachment-id=\"1566\" data-permalink=\"http:\/\/blogs.lyceecfadumene.fr\/animalerie\/2016\/03\/15\/concours-de-reconnaissance-animaliere\/01-3\/\" data-orig-file=\"https:\/\/i0.wp.com\/blogs.lyceecfadumene.fr\/animalerie\/files\/2016\/03\/01.png?fit=2592%2C1944\" data-orig-size=\"2592,1944\" data-comments-opened=\"1\" data-image-meta=\"{&quot;aperture&quot;:&quot;0&quot;,&quot;credit&quot;:&quot;&quot;,&quot;camera&quot;:&quot;&quot;,&quot;caption&quot;:&quot;&quot;,&quot;created_timestamp&quot;:&quot;0&quot;,&quot;copyright&quot;:&quot;&quot;,&quot;focal_length&quot;:&quot;0&quot;,&quot;iso&quot;:&quot;0&quot;,&quot;shutter_speed&quot;:&quot;0&quot;,&quot;title&quot;:&quot;&quot;,&quot;orientation&quot;:&quot;0&quot;}\" data-image-title=\"01\" data-image-description=\"\" data-image-caption=\"\" data-large-file=\"https:\/\/i0.wp.com\/blogs.lyceecfadumene.fr\/animalerie\/files\/2016\/03\/01.png?fit=525%2C394\" class=\"wp-image-1566\" src=\"https:\/\/i0.wp.com\/blogs.lyceecfadumene.fr\/animalerie\/files\/2016\/03\/01.png?resize=450%2C338&#038;ssl=1\" alt=\"01\" width=\"450\" height=\"338\" srcset=\"https:\/\/i0.wp.com\/blogs.lyceecfadumene.fr\/animalerie\/files\/2016\/03\/01.png?w=2592 2592w, https:\/\/i0.wp.com\/blogs.lyceecfadumene.fr\/animalerie\/files\/2016\/03\/01.png?resize=300%2C225 300w, https:\/\/i0.wp.com\/blogs.lyceecfadumene.fr\/animalerie\/files\/2016\/03\/01.png?resize=768%2C576 768w, https:\/\/i0.wp.com\/blogs.lyceecfadumene.fr\/animalerie\/files\/2016\/03\/01.png?resize=1024%2C768 1024w, https:\/\/i0.wp.com\/blogs.lyceecfadumene.fr\/animalerie\/files\/2016\/03\/01.png?w=1575 1575w\" sizes=\"auto, (max-width: 450px) 100vw, 450px\" \/><\/a><figcaption id=\"caption-attachment-1566\" class=\"wp-caption-text\">Gagnants du concours de reconnaissance animali\u00e8re<\/figcaption><\/figure>\n<p>Au cours de la journ\u00e9e, les candidats ont assist\u00e9 \u00e0 une conf\u00e9rence <strong>Gwen Denvau<\/strong>, comportementaliste chien et <strong>William Cord\u00e9<\/strong>, anciens \u00e9tudiants du lyc\u00e9e, commercial et auto-entrepreneur animaW, qui commercialise des aliments pour animaux de compagnie et accessoires. \u00ab Ce projet a permis aux \u00e9tudiants de rencontrer des professionnels, de chercher des partenaires \u00bb, souligne Daniel Clouet.<\/p>\n<p>En fin d\u2019apr\u00e8s-midi, <strong>les r\u00e9sultats<\/strong> ont \u00e9t\u00e9 proclam\u00e9s : Lucien Dauphin, Quentin Magn\u00e9e et Fabian Lepaumier se hissent sur le podium dans la <strong>cat\u00e9gorie 1re et terminale bac professionnel animalerie<\/strong>. Ala\u00efs Barb\u00e9, M\u00e9lissa Ph\u00e9lippot et Justine Le-Rat ont \u00e9t\u00e9 r\u00e9compens\u00e9s dans la <strong>cat\u00e9gorie seconde professionnelle.<\/strong><\/p>\n<p>&nbsp;<\/p>\n","protected":false},"excerpt":{"rendered":"<p>25 \u00e9l\u00e8ves au concours r\u00e9gional de connaissances animali\u00e8res Mercredi, Sylvain Broudic, Emilie Pell\u00e9, Alan Raffray, Adeline P\u00e9dron et Melvyn Maudieu, \u00e9tudiants en BTS technico-commercial au lyc\u00e9e du Men\u00e9, avec l\u2019appui de Daniel Clouet, enseignant, ont organis\u00e9 la quatri\u00e8me \u00e9dition du concours r\u00e9gional de connaissances et de reconnaissance animali\u00e8re. \u00ab Ce projet nous a permis de &hellip; <\/p>\n<p class=\"link-more\"><a href=\"http:\/\/blogs.lyceecfadumene.fr\/animalerie\/2016\/03\/15\/concours-de-reconnaissance-animaliere\/\" class=\"more-link\">Continuer la lecture<span class=\"screen-reader-text\"> de &laquo;&nbsp;Concours de reconnaissance animali\u00e8re&nbsp;&raquo;<\/span><\/a><\/p>\n","protected":false},"author":43,"featured_media":0,"comment_status":"open","ping_status":"open","sticky":false,"template":"","format":"standard","meta":{"_jetpack_memberships_contains_paid_content":false,"footnotes":"","jetpack_publicize_message":"","jetpack_publicize_feature_enabled":true,"jetpack_social_post_already_shared":true,"jetpack_social_options":{"image_generator_settings":{"template":"highway","default_image_id":0,"font":"","enabled":false},"version":2}},"categories":[1],"tags":[14963,20767],"class_list":["post-1565","post","type-post","status-publish","format-standard","hentry","category-non-classe","tag-concours-animalier","tag-concours-de-reconnaissance-animaliere"],"aioseo_notices":[],"jetpack_publicize_connections":[],"jetpack_featured_media_url":"","jetpack_shortlink":"https:\/\/wp.me\/p1nc6U-pf","jetpack-related-posts":[],"jetpack_sharing_enabled":true,"_links":{"self":[{"href":"http:\/\/blogs.lyceecfadumene.fr\/animalerie\/wp-json\/wp\/v2\/posts\/1565","targetHints":{"allow":["GET"]}}],"collection":[{"href":"http:\/\/blogs.lyceecfadumene.fr\/animalerie\/wp-json\/wp\/v2\/posts"}],"about":[{"href":"http:\/\/blogs.lyceecfadumene.fr\/animalerie\/wp-json\/wp\/v2\/types\/post"}],"author":[{"embeddable":true,"href":"http:\/\/blogs.lyceecfadumene.fr\/animalerie\/wp-json\/wp\/v2\/users\/43"}],"replies":[{"embeddable":true,"href":"http:\/\/blogs.lyceecfadumene.fr\/animalerie\/wp-json\/wp\/v2\/comments?post=1565"}],"version-history":[{"count":1,"href":"http:\/\/blogs.lyceecfadumene.fr\/animalerie\/wp-json\/wp\/v2\/posts\/1565\/revisions"}],"predecessor-version":[{"id":2381,"href":"http:\/\/blogs.lyceecfadumene.fr\/animalerie\/wp-json\/wp\/v2\/posts\/1565\/revisions\/2381"}],"wp:attachment":[{"href":"http:\/\/blogs.lyceecfadumene.fr\/animalerie\/wp-json\/wp\/v2\/media?parent=1565"}],"wp:term":[{"taxonomy":"category","embeddable":true,"href":"http:\/\/blogs.lyceecfadumene.fr\/animalerie\/wp-json\/wp\/v2\/categories?post=1565"},{"taxonomy":"post_tag","embeddable":true,"href":"http:\/\/blogs.lyceecfadumene.fr\/animalerie\/wp-json\/wp\/v2\/tags?post=1565"}],"curies":[{"name":"wp","href":"https:\/\/api.w.org\/{rel}","templated":true}]}}