{"id":1385,"date":"2014-06-11T12:55:49","date_gmt":"2014-06-11T11:55:49","guid":{"rendered":"http:\/\/blogs.lyceecfadumene.fr\/animalerie\/?p=1385"},"modified":"2014-06-12T14:48:47","modified_gmt":"2014-06-12T13:48:47","slug":"concours-regional-de-connaissances-et-reconnaissances-animaliere","status":"publish","type":"post","link":"http:\/\/blogs.lyceecfadumene.fr\/animalerie\/2014\/06\/11\/concours-regional-de-connaissances-et-reconnaissances-animaliere\/","title":{"rendered":"Concours r\u00e9gional de connaissances et reconnaissances animali\u00e8re"},"content":{"rendered":"<p>Dans le cadre de leur Procap, <strong>4 \u00e9tudiants de BTS 1 TC du Lyc\u00e9e<\/strong> (Mario, Violaine , Victorialy et Jonathan) ont choisi de reprendre <strong>l\u2019organisation du concours r\u00e9gional de connaissances et reconnaissances animali\u00e8res<\/strong> (concours jusque-l\u00e0 inexistant en Animalerie).<br \/>\nCette ann\u00e9e le concours a eu lieu <strong>le Mercredi 21 Mai<\/strong> apr\u00e8s-midi et s\u2019est d\u00e9roul\u00e9 pour la premi\u00e8re fois dans un autre \u00e9tablissement : la Maison Familiale de Guilliers.<\/p>\n<p><img data-recalc-dims=\"1\" loading=\"lazy\" decoding=\"async\" data-attachment-id=\"1386\" data-permalink=\"http:\/\/blogs.lyceecfadumene.fr\/animalerie\/2014\/06\/11\/concours-regional-de-connaissances-et-reconnaissances-animaliere\/01-2\/\" data-orig-file=\"https:\/\/i0.wp.com\/blogs.lyceecfadumene.fr\/animalerie\/files\/2014\/06\/01.png?fit=600%2C399\" data-orig-size=\"600,399\" data-comments-opened=\"1\" data-image-meta=\"{&quot;aperture&quot;:&quot;0&quot;,&quot;credit&quot;:&quot;&quot;,&quot;camera&quot;:&quot;&quot;,&quot;caption&quot;:&quot;&quot;,&quot;created_timestamp&quot;:&quot;0&quot;,&quot;copyright&quot;:&quot;&quot;,&quot;focal_length&quot;:&quot;0&quot;,&quot;iso&quot;:&quot;0&quot;,&quot;shutter_speed&quot;:&quot;0&quot;,&quot;title&quot;:&quot;&quot;}\" data-image-title=\"01\" data-image-description=\"\" data-image-caption=\"\" data-large-file=\"https:\/\/i0.wp.com\/blogs.lyceecfadumene.fr\/animalerie\/files\/2014\/06\/01.png?fit=525%2C349\" class=\"alignnone wp-image-1386 \" src=\"https:\/\/i0.wp.com\/blogs.lyceecfadumene.fr\/animalerie\/files\/2014\/06\/01.png?resize=349%2C232&#038;ssl=1\" alt=\"01\" width=\"349\" height=\"232\" srcset=\"https:\/\/i0.wp.com\/blogs.lyceecfadumene.fr\/animalerie\/files\/2014\/06\/01.png?w=600 600w, https:\/\/i0.wp.com\/blogs.lyceecfadumene.fr\/animalerie\/files\/2014\/06\/01.png?resize=300%2C199 300w, https:\/\/i0.wp.com\/blogs.lyceecfadumene.fr\/animalerie\/files\/2014\/06\/01.png?resize=148%2C98 148w, https:\/\/i0.wp.com\/blogs.lyceecfadumene.fr\/animalerie\/files\/2014\/06\/01.png?resize=31%2C20 31w, https:\/\/i0.wp.com\/blogs.lyceecfadumene.fr\/animalerie\/files\/2014\/06\/01.png?resize=38%2C25 38w, https:\/\/i0.wp.com\/blogs.lyceecfadumene.fr\/animalerie\/files\/2014\/06\/01.png?resize=323%2C215 323w\" sizes=\"auto, (max-width: 349px) 100vw, 349px\" \/><br \/>\n<strong>32 candidats de Bac Pro<\/strong> (7 Secondes et 25 1\u00e8res et Terminales) ont planch\u00e9 durant 1h30 sur 2 \u00e9preuves :<\/p>\n<ul>\n<li>une \u00e9preuve de reconnaissances de 30 esp\u00e8ces pr\u00e9sent\u00e9es sur un diaporama<\/li>\n<li>un QCM de 40 questions de connaissances animali\u00e8res.<\/li>\n<\/ul>\n<p>Ensuite pendant que le jury corrigeait les prestations, les jeunes ont pu rencontrer un sp\u00e9cialiste des reptiles avec quelques sp\u00e9cimens, puis d\u00e9couvrir les photos d\u2019animaux prises par un photographe amateur passionn\u00e9 avant de visiter les \u00e9quipements canins de la Maison Famaliale.<br \/>\nTous les candidats se sont ensuite retrouv\u00e9s au self de l\u2019\u00e9tablissement pour d\u00e9couvrir les laur\u00e9ats.<br \/>\nApr\u00e8s un discours des officiels pr\u00e9sents, les meilleurs candidats ont re\u00e7u leurs lots.<br \/>\nEt nos \u00e9l\u00e8ves ? Ils ont subi une pr\u00e9s\u00e9lection au lyc\u00e9e en f\u00e9vrier et ont r\u00e9vis\u00e9 jusqu\u2019\u00e0 la derni\u00e8re minute durant le trajet. Et le travail a encore pay\u00e9 car <strong>sur les 6 laur\u00e9ats, les 6 sont de l\u2019EPL du Men\u00e9<\/strong> : Benjamin Quilin, Armand Le Priol, Barbara Picard pour le concours g\u00e9n\u00e9ral et Quentin Magnee, Laura Carton, et Manon Frit pour le prix d\u2019encouragement des 2des.<br \/>\n<strong>Les lyc\u00e9ens comme les \u00e9tudiants organisateurs<\/strong> ont \u00e9t\u00e9 tr\u00e8s contents de cette manifestation et remercient les enseignants et formateurs qui les ont aid\u00e9s \u00e0 pr\u00e9parer ce concours.<br \/>\nPour les \u00e9tudiants concern\u00e9s, leur tuteur <strong>L. Defossez<\/strong>.<\/p>\n","protected":false},"excerpt":{"rendered":"<p>Dans le cadre de leur Procap, 4 \u00e9tudiants de BTS 1 TC du Lyc\u00e9e (Mario, Violaine , Victorialy et Jonathan) ont choisi de reprendre l\u2019organisation du concours r\u00e9gional de connaissances et reconnaissances animali\u00e8res (concours jusque-l\u00e0 inexistant en Animalerie). Cette ann\u00e9e le concours a eu lieu le Mercredi 21 Mai apr\u00e8s-midi et s\u2019est d\u00e9roul\u00e9 pour la &hellip; <\/p>\n<p class=\"link-more\"><a href=\"http:\/\/blogs.lyceecfadumene.fr\/animalerie\/2014\/06\/11\/concours-regional-de-connaissances-et-reconnaissances-animaliere\/\" class=\"more-link\">Continuer la lecture<span class=\"screen-reader-text\"> de &laquo;&nbsp;Concours r\u00e9gional de connaissances et reconnaissances animali\u00e8re&nbsp;&raquo;<\/span><\/a><\/p>\n","protected":false},"author":43,"featured_media":0,"comment_status":"open","ping_status":"open","sticky":false,"template":"","format":"standard","meta":{"_jetpack_memberships_contains_paid_content":false,"footnotes":"","jetpack_publicize_message":"","jetpack_publicize_feature_enabled":true,"jetpack_social_post_already_shared":true,"jetpack_social_options":{"image_generator_settings":{"template":"highway","default_image_id":0,"font":"","enabled":false},"version":2}},"categories":[1],"tags":[6581,51,14952,37,14951],"class_list":["post-1385","post","type-post","status-publish","format-standard","hentry","category-non-classe","tag-bts-tc","tag-concours","tag-connaissances-animaliere","tag-procap","tag-reconnaissances-animaliere"],"aioseo_notices":[],"jetpack_publicize_connections":[],"jetpack_featured_media_url":"","jetpack_shortlink":"https:\/\/wp.me\/p1nc6U-ml","jetpack-related-posts":[],"jetpack_sharing_enabled":true,"_links":{"self":[{"href":"http:\/\/blogs.lyceecfadumene.fr\/animalerie\/wp-json\/wp\/v2\/posts\/1385","targetHints":{"allow":["GET"]}}],"collection":[{"href":"http:\/\/blogs.lyceecfadumene.fr\/animalerie\/wp-json\/wp\/v2\/posts"}],"about":[{"href":"http:\/\/blogs.lyceecfadumene.fr\/animalerie\/wp-json\/wp\/v2\/types\/post"}],"author":[{"embeddable":true,"href":"http:\/\/blogs.lyceecfadumene.fr\/animalerie\/wp-json\/wp\/v2\/users\/43"}],"replies":[{"embeddable":true,"href":"http:\/\/blogs.lyceecfadumene.fr\/animalerie\/wp-json\/wp\/v2\/comments?post=1385"}],"version-history":[{"count":0,"href":"http:\/\/blogs.lyceecfadumene.fr\/animalerie\/wp-json\/wp\/v2\/posts\/1385\/revisions"}],"wp:attachment":[{"href":"http:\/\/blogs.lyceecfadumene.fr\/animalerie\/wp-json\/wp\/v2\/media?parent=1385"}],"wp:term":[{"taxonomy":"category","embeddable":true,"href":"http:\/\/blogs.lyceecfadumene.fr\/animalerie\/wp-json\/wp\/v2\/categories?post=1385"},{"taxonomy":"post_tag","embeddable":true,"href":"http:\/\/blogs.lyceecfadumene.fr\/animalerie\/wp-json\/wp\/v2\/tags?post=1385"}],"curies":[{"name":"wp","href":"https:\/\/api.w.org\/{rel}","templated":true}]}}