{"id":1379,"date":"2014-05-28T13:50:29","date_gmt":"2014-05-28T12:50:29","guid":{"rendered":"http:\/\/blogs.lyceecfadumene.fr\/animalerie\/?p=1379"},"modified":"2014-05-28T13:50:29","modified_gmt":"2014-05-28T12:50:29","slug":"visite-a-oceanopolis","status":"publish","type":"post","link":"http:\/\/blogs.lyceecfadumene.fr\/animalerie\/2014\/05\/28\/visite-a-oceanopolis\/","title":{"rendered":"Visite \u00e0 Oc\u00e9anopolis"},"content":{"rendered":"<p>Visite \u00e0 Oc\u00e9anopolis &#8211; Brest-<\/p>\n<p><a href=\"https:\/\/blogs.lyceecfadumene.fr\/animalerie\/?attachment_id=1371\" rel=\"attachment wp-att-1371\"><img data-recalc-dims=\"1\" loading=\"lazy\" decoding=\"async\" data-attachment-id=\"1371\" data-permalink=\"http:\/\/blogs.lyceecfadumene.fr\/animalerie\/2\/\" data-orig-file=\"https:\/\/i0.wp.com\/blogs.lyceecfadumene.fr\/animalerie\/files\/2014\/05\/2.jpg?fit=681%2C334\" data-orig-size=\"681,334\" data-comments-opened=\"1\" data-image-meta=\"{&quot;aperture&quot;:&quot;0&quot;,&quot;credit&quot;:&quot;&quot;,&quot;camera&quot;:&quot;&quot;,&quot;caption&quot;:&quot;&quot;,&quot;created_timestamp&quot;:&quot;0&quot;,&quot;copyright&quot;:&quot;&quot;,&quot;focal_length&quot;:&quot;0&quot;,&quot;iso&quot;:&quot;0&quot;,&quot;shutter_speed&quot;:&quot;0&quot;,&quot;title&quot;:&quot;&quot;}\" data-image-title=\"2\" data-image-description=\"\" data-image-caption=\"\" data-large-file=\"https:\/\/i0.wp.com\/blogs.lyceecfadumene.fr\/animalerie\/files\/2014\/05\/2.jpg?fit=525%2C257\" class=\"alignnone wp-image-1371\" src=\"https:\/\/i0.wp.com\/blogs.lyceecfadumene.fr\/animalerie\/files\/2014\/05\/2.jpg?resize=278%2C136&#038;ssl=1\" alt=\"2\" width=\"278\" height=\"136\" srcset=\"https:\/\/i0.wp.com\/blogs.lyceecfadumene.fr\/animalerie\/files\/2014\/05\/2.jpg?w=681 681w, https:\/\/i0.wp.com\/blogs.lyceecfadumene.fr\/animalerie\/files\/2014\/05\/2.jpg?resize=300%2C147 300w, https:\/\/i0.wp.com\/blogs.lyceecfadumene.fr\/animalerie\/files\/2014\/05\/2.jpg?resize=148%2C72 148w, https:\/\/i0.wp.com\/blogs.lyceecfadumene.fr\/animalerie\/files\/2014\/05\/2.jpg?resize=31%2C15 31w, https:\/\/i0.wp.com\/blogs.lyceecfadumene.fr\/animalerie\/files\/2014\/05\/2.jpg?resize=38%2C18 38w, https:\/\/i0.wp.com\/blogs.lyceecfadumene.fr\/animalerie\/files\/2014\/05\/2.jpg?resize=425%2C208 425w\" sizes=\"auto, (max-width: 278px) 100vw, 278px\" \/><\/a><\/p>\n<p>Les \u00e9l\u00e8ves de<strong> bac pro 2 TCVA<\/strong> initiaux et apprentis sont all\u00e9s visiter <strong>Oc\u00e9anopolis<\/strong> \u00e0<br \/>\nBrest. Nous avons admir\u00e9 les 3 pavillons ouverts au public. <strong>Le pavillon tropical<\/strong><br \/>\ncompos\u00e9 de bassins consacr\u00e9s aux requins, aux coraux, \u00e0 la diversit\u00e9 de poissons<br \/>\nd&rsquo;Indo-Pacifique, \u00e0 l&rsquo;\u00e9co- syst\u00e8me r\u00e9cifal des cara\u00efbes. <strong>Le pavillon polaire<\/strong> qui<br \/>\npr\u00e9sente les p\u00f4les, les iles subantarctiques, la manchoti\u00e8re, la vie au rythme de la<br \/>\nbanquise. <strong>Le pavillon temp\u00e9r\u00e9<\/strong> qui montre les animaux de la grande vasi\u00e8re, des<br \/>\nparois rocheuses, des for\u00eats de laminaires, des tombants rocheuses avec<br \/>\nnourrissage des poissons en plong\u00e9e, la mer d&rsquo;Iroise, la nurserie des poissons<br \/>\nplats, l&rsquo;estran rocheux, de la chaine alimentaire et des m\u00e9duses. Cette visite fut tr\u00e8s<br \/>\ninstructive, toutefois nous avons constat\u00e9 que les infrastructures ont vieilli et qu&rsquo;il y<br \/>\na un d\u00e9s\u00e9quilibre entre la faune et la flore pr\u00e9sentes et les pr\u00e9sentations<br \/>\ndidactiques.<\/p>\n<div class=\"tiled-gallery type-rectangular tiled-gallery-unresized\" data-original-width=\"525\" data-carousel-extra='{&quot;blog_id&quot;:83,&quot;permalink&quot;:&quot;http:\\\/\\\/blogs.lyceecfadumene.fr\\\/animalerie\\\/2014\\\/05\\\/28\\\/visite-a-oceanopolis\\\/&quot;,&quot;likes_blog_id&quot;:20304436}' itemscope itemtype=\"http:\/\/schema.org\/ImageGallery\" > <div class=\"gallery-row\" style=\"width: 525px; height: 80px;\" data-original-width=\"525\" data-original-height=\"80\" > <div class=\"gallery-group images-1\" style=\"width: 160px; height: 80px;\" data-original-width=\"160\" data-original-height=\"80\" > <div class=\"tiled-gallery-item tiled-gallery-item-small\" itemprop=\"associatedMedia\" itemscope itemtype=\"http:\/\/schema.org\/ImageObject\"> <a href=\"http:\/\/blogs.lyceecfadumene.fr\/animalerie\/6\/\" border=\"0\" itemprop=\"url\"> <meta itemprop=\"width\" content=\"156\"> <meta itemprop=\"height\" content=\"76\"> <img decoding=\"async\" class=\"\" data-attachment-id=\"1375\" data-orig-file=\"http:\/\/blogs.lyceecfadumene.fr\/animalerie\/files\/2014\/05\/6.jpg\" data-orig-size=\"674,328\" data-comments-opened=\"1\" data-image-meta=\"{&quot;aperture&quot;:&quot;0&quot;,&quot;credit&quot;:&quot;&quot;,&quot;camera&quot;:&quot;&quot;,&quot;caption&quot;:&quot;&quot;,&quot;created_timestamp&quot;:&quot;0&quot;,&quot;copyright&quot;:&quot;&quot;,&quot;focal_length&quot;:&quot;0&quot;,&quot;iso&quot;:&quot;0&quot;,&quot;shutter_speed&quot;:&quot;0&quot;,&quot;title&quot;:&quot;&quot;}\" data-image-title=\"6\" data-image-description=\"\" data-medium-file=\"https:\/\/i0.wp.com\/blogs.lyceecfadumene.fr\/animalerie\/files\/2014\/05\/6.jpg?fit=300%2C145\" data-large-file=\"https:\/\/i0.wp.com\/blogs.lyceecfadumene.fr\/animalerie\/files\/2014\/05\/6.jpg?fit=525%2C255\" src=\"https:\/\/i0.wp.com\/blogs.lyceecfadumene.fr\/animalerie\/files\/2014\/05\/6.jpg?w=156&#038;h=76\" srcset=\"https:\/\/i0.wp.com\/blogs.lyceecfadumene.fr\/animalerie\/files\/2014\/05\/6.jpg?w=674 674w, https:\/\/i0.wp.com\/blogs.lyceecfadumene.fr\/animalerie\/files\/2014\/05\/6.jpg?resize=300%2C145 300w, https:\/\/i0.wp.com\/blogs.lyceecfadumene.fr\/animalerie\/files\/2014\/05\/6.jpg?resize=148%2C72 148w, https:\/\/i0.wp.com\/blogs.lyceecfadumene.fr\/animalerie\/files\/2014\/05\/6.jpg?resize=31%2C15 31w, https:\/\/i0.wp.com\/blogs.lyceecfadumene.fr\/animalerie\/files\/2014\/05\/6.jpg?resize=38%2C18 38w, https:\/\/i0.wp.com\/blogs.lyceecfadumene.fr\/animalerie\/files\/2014\/05\/6.jpg?resize=425%2C206 425w\" width=\"156\" height=\"76\" loading=\"lazy\" data-original-width=\"156\" data-original-height=\"76\" itemprop=\"http:\/\/schema.org\/image\" title=\"6\" alt=\"Pavillon tropical\" style=\"width: 156px; height: 76px;\" \/> <\/a> <div class=\"tiled-gallery-caption\" itemprop=\"caption description\"> Pavillon tropical <\/div> <\/div> <\/div> <!-- close group --> <div class=\"gallery-group images-1\" style=\"width: 104px; height: 80px;\" data-original-width=\"104\" data-original-height=\"80\" > <div class=\"tiled-gallery-item tiled-gallery-item-small\" itemprop=\"associatedMedia\" itemscope itemtype=\"http:\/\/schema.org\/ImageObject\"> <a href=\"http:\/\/blogs.lyceecfadumene.fr\/animalerie\/5\/\" border=\"0\" itemprop=\"url\"> <meta itemprop=\"width\" content=\"100\"> <meta itemprop=\"height\" content=\"76\"> <img decoding=\"async\" class=\"\" data-attachment-id=\"1374\" data-orig-file=\"http:\/\/blogs.lyceecfadumene.fr\/animalerie\/files\/2014\/05\/5.jpg\" data-orig-size=\"444,339\" data-comments-opened=\"1\" data-image-meta=\"{&quot;aperture&quot;:&quot;0&quot;,&quot;credit&quot;:&quot;&quot;,&quot;camera&quot;:&quot;&quot;,&quot;caption&quot;:&quot;&quot;,&quot;created_timestamp&quot;:&quot;0&quot;,&quot;copyright&quot;:&quot;&quot;,&quot;focal_length&quot;:&quot;0&quot;,&quot;iso&quot;:&quot;0&quot;,&quot;shutter_speed&quot;:&quot;0&quot;,&quot;title&quot;:&quot;&quot;}\" data-image-title=\"5\" data-image-description=\"\" data-medium-file=\"https:\/\/i0.wp.com\/blogs.lyceecfadumene.fr\/animalerie\/files\/2014\/05\/5.jpg?fit=300%2C229\" data-large-file=\"https:\/\/i0.wp.com\/blogs.lyceecfadumene.fr\/animalerie\/files\/2014\/05\/5.jpg?fit=444%2C339\" src=\"https:\/\/i0.wp.com\/blogs.lyceecfadumene.fr\/animalerie\/files\/2014\/05\/5.jpg?w=100&#038;h=76\" srcset=\"https:\/\/i0.wp.com\/blogs.lyceecfadumene.fr\/animalerie\/files\/2014\/05\/5.jpg?w=444 444w, https:\/\/i0.wp.com\/blogs.lyceecfadumene.fr\/animalerie\/files\/2014\/05\/5.jpg?resize=300%2C229 300w, https:\/\/i0.wp.com\/blogs.lyceecfadumene.fr\/animalerie\/files\/2014\/05\/5.jpg?resize=148%2C113 148w, https:\/\/i0.wp.com\/blogs.lyceecfadumene.fr\/animalerie\/files\/2014\/05\/5.jpg?resize=31%2C23 31w, https:\/\/i0.wp.com\/blogs.lyceecfadumene.fr\/animalerie\/files\/2014\/05\/5.jpg?resize=38%2C29 38w, https:\/\/i0.wp.com\/blogs.lyceecfadumene.fr\/animalerie\/files\/2014\/05\/5.jpg?resize=281%2C215 281w\" width=\"100\" height=\"76\" loading=\"lazy\" data-original-width=\"100\" data-original-height=\"76\" itemprop=\"http:\/\/schema.org\/image\" title=\"5\" alt=\"Pavillon temp\u00e9r\u00e9\" style=\"width: 100px; height: 76px;\" \/> <\/a> <div class=\"tiled-gallery-caption\" itemprop=\"caption description\"> Pavillon temp\u00e9r\u00e9 <\/div> <\/div> <\/div> <!-- close group --> <div class=\"gallery-group images-1\" style=\"width: 120px; height: 80px;\" data-original-width=\"120\" data-original-height=\"80\" > <div class=\"tiled-gallery-item tiled-gallery-item-small\" itemprop=\"associatedMedia\" itemscope itemtype=\"http:\/\/schema.org\/ImageObject\"> <a href=\"http:\/\/blogs.lyceecfadumene.fr\/animalerie\/4\/\" border=\"0\" itemprop=\"url\"> <meta itemprop=\"width\" content=\"116\"> <meta itemprop=\"height\" content=\"76\"> <img decoding=\"async\" class=\"\" data-attachment-id=\"1373\" data-orig-file=\"http:\/\/blogs.lyceecfadumene.fr\/animalerie\/files\/2014\/05\/4.jpg\" data-orig-size=\"518,339\" data-comments-opened=\"1\" data-image-meta=\"{&quot;aperture&quot;:&quot;0&quot;,&quot;credit&quot;:&quot;&quot;,&quot;camera&quot;:&quot;&quot;,&quot;caption&quot;:&quot;&quot;,&quot;created_timestamp&quot;:&quot;0&quot;,&quot;copyright&quot;:&quot;&quot;,&quot;focal_length&quot;:&quot;0&quot;,&quot;iso&quot;:&quot;0&quot;,&quot;shutter_speed&quot;:&quot;0&quot;,&quot;title&quot;:&quot;&quot;}\" data-image-title=\"4\" data-image-description=\"\" data-medium-file=\"https:\/\/i0.wp.com\/blogs.lyceecfadumene.fr\/animalerie\/files\/2014\/05\/4.jpg?fit=300%2C196\" data-large-file=\"https:\/\/i0.wp.com\/blogs.lyceecfadumene.fr\/animalerie\/files\/2014\/05\/4.jpg?fit=518%2C339\" src=\"https:\/\/i0.wp.com\/blogs.lyceecfadumene.fr\/animalerie\/files\/2014\/05\/4.jpg?w=116&#038;h=76\" srcset=\"https:\/\/i0.wp.com\/blogs.lyceecfadumene.fr\/animalerie\/files\/2014\/05\/4.jpg?w=518 518w, https:\/\/i0.wp.com\/blogs.lyceecfadumene.fr\/animalerie\/files\/2014\/05\/4.jpg?resize=300%2C196 300w, https:\/\/i0.wp.com\/blogs.lyceecfadumene.fr\/animalerie\/files\/2014\/05\/4.jpg?resize=148%2C96 148w, https:\/\/i0.wp.com\/blogs.lyceecfadumene.fr\/animalerie\/files\/2014\/05\/4.jpg?resize=31%2C20 31w, https:\/\/i0.wp.com\/blogs.lyceecfadumene.fr\/animalerie\/files\/2014\/05\/4.jpg?resize=38%2C24 38w, https:\/\/i0.wp.com\/blogs.lyceecfadumene.fr\/animalerie\/files\/2014\/05\/4.jpg?resize=328%2C215 328w\" width=\"116\" height=\"76\" loading=\"lazy\" data-original-width=\"116\" data-original-height=\"76\" itemprop=\"http:\/\/schema.org\/image\" title=\"4\" alt=\"Pavillon polaire\" style=\"width: 116px; height: 76px;\" \/> <\/a> <div class=\"tiled-gallery-caption\" itemprop=\"caption description\"> Pavillon polaire <\/div> <\/div> <\/div> <!-- close group --> <div class=\"gallery-group images-1\" style=\"width: 141px; height: 80px;\" data-original-width=\"141\" data-original-height=\"80\" > <div class=\"tiled-gallery-item tiled-gallery-item-small\" itemprop=\"associatedMedia\" itemscope itemtype=\"http:\/\/schema.org\/ImageObject\"> <a href=\"http:\/\/blogs.lyceecfadumene.fr\/animalerie\/3\/\" border=\"0\" itemprop=\"url\"> <meta itemprop=\"width\" content=\"137\"> <meta itemprop=\"height\" content=\"76\"> <img decoding=\"async\" class=\"\" data-attachment-id=\"1372\" data-orig-file=\"http:\/\/blogs.lyceecfadumene.fr\/animalerie\/files\/2014\/05\/3.jpg\" data-orig-size=\"570,315\" data-comments-opened=\"1\" data-image-meta=\"{&quot;aperture&quot;:&quot;0&quot;,&quot;credit&quot;:&quot;&quot;,&quot;camera&quot;:&quot;&quot;,&quot;caption&quot;:&quot;&quot;,&quot;created_timestamp&quot;:&quot;0&quot;,&quot;copyright&quot;:&quot;&quot;,&quot;focal_length&quot;:&quot;0&quot;,&quot;iso&quot;:&quot;0&quot;,&quot;shutter_speed&quot;:&quot;0&quot;,&quot;title&quot;:&quot;&quot;}\" data-image-title=\"3\" data-image-description=\"\" data-medium-file=\"https:\/\/i0.wp.com\/blogs.lyceecfadumene.fr\/animalerie\/files\/2014\/05\/3.jpg?fit=300%2C165\" data-large-file=\"https:\/\/i0.wp.com\/blogs.lyceecfadumene.fr\/animalerie\/files\/2014\/05\/3.jpg?fit=525%2C290\" src=\"https:\/\/i0.wp.com\/blogs.lyceecfadumene.fr\/animalerie\/files\/2014\/05\/3.jpg?w=137&#038;h=76\" srcset=\"https:\/\/i0.wp.com\/blogs.lyceecfadumene.fr\/animalerie\/files\/2014\/05\/3.jpg?w=570 570w, https:\/\/i0.wp.com\/blogs.lyceecfadumene.fr\/animalerie\/files\/2014\/05\/3.jpg?resize=300%2C165 300w, https:\/\/i0.wp.com\/blogs.lyceecfadumene.fr\/animalerie\/files\/2014\/05\/3.jpg?resize=148%2C81 148w, https:\/\/i0.wp.com\/blogs.lyceecfadumene.fr\/animalerie\/files\/2014\/05\/3.jpg?resize=31%2C17 31w, https:\/\/i0.wp.com\/blogs.lyceecfadumene.fr\/animalerie\/files\/2014\/05\/3.jpg?resize=38%2C21 38w, https:\/\/i0.wp.com\/blogs.lyceecfadumene.fr\/animalerie\/files\/2014\/05\/3.jpg?resize=389%2C215 389w\" width=\"137\" height=\"76\" loading=\"lazy\" data-original-width=\"137\" data-original-height=\"76\" itemprop=\"http:\/\/schema.org\/image\" title=\"3\" alt=\"Pavillon biodiversit\u00e9\" style=\"width: 137px; height: 76px;\" \/> <\/a> <div class=\"tiled-gallery-caption\" itemprop=\"caption description\"> Pavillon biodiversit\u00e9 <\/div> <\/div> <\/div> <!-- close group --> <\/div> <!-- close row --> <\/div>\n<p><a title=\"Le site d'oc\u00e9anopolis\" href=\"http:\/\/www.oceanopolis.com\/\">http:\/\/www.oceanopolis.com\/<\/a><\/p>\n","protected":false},"excerpt":{"rendered":"<p>Visite \u00e0 Oc\u00e9anopolis &#8211; Brest- Les \u00e9l\u00e8ves de bac pro 2 TCVA initiaux et apprentis sont all\u00e9s visiter Oc\u00e9anopolis \u00e0 Brest. Nous avons admir\u00e9 les 3 pavillons ouverts au public. Le pavillon tropical compos\u00e9 de bassins consacr\u00e9s aux requins, aux coraux, \u00e0 la diversit\u00e9 de poissons d&rsquo;Indo-Pacifique, \u00e0 l&rsquo;\u00e9co- syst\u00e8me r\u00e9cifal des cara\u00efbes. Le pavillon &hellip; <\/p>\n<p class=\"link-more\"><a href=\"http:\/\/blogs.lyceecfadumene.fr\/animalerie\/2014\/05\/28\/visite-a-oceanopolis\/\" class=\"more-link\">Continuer la lecture<span class=\"screen-reader-text\"> de &laquo;&nbsp;Visite \u00e0 Oc\u00e9anopolis&nbsp;&raquo;<\/span><\/a><\/p>\n","protected":false},"author":43,"featured_media":0,"comment_status":"open","ping_status":"open","sticky":false,"template":"","format":"standard","meta":{"_jetpack_memberships_contains_paid_content":false,"footnotes":"","jetpack_publicize_message":"","jetpack_publicize_feature_enabled":true,"jetpack_social_post_already_shared":true,"jetpack_social_options":{"image_generator_settings":{"template":"highway","default_image_id":0,"font":"","enabled":false},"version":2}},"categories":[7658],"tags":[8526,14948,14949],"class_list":["post-1379","post","type-post","status-publish","format-standard","hentry","category-sorties-pedagogiques","tag-bac-pro","tag-oceanopolis","tag-pavillon"],"aioseo_notices":[],"jetpack_publicize_connections":[],"jetpack_featured_media_url":"","jetpack_shortlink":"https:\/\/wp.me\/p1nc6U-mf","jetpack-related-posts":[],"jetpack_sharing_enabled":true,"_links":{"self":[{"href":"http:\/\/blogs.lyceecfadumene.fr\/animalerie\/wp-json\/wp\/v2\/posts\/1379","targetHints":{"allow":["GET"]}}],"collection":[{"href":"http:\/\/blogs.lyceecfadumene.fr\/animalerie\/wp-json\/wp\/v2\/posts"}],"about":[{"href":"http:\/\/blogs.lyceecfadumene.fr\/animalerie\/wp-json\/wp\/v2\/types\/post"}],"author":[{"embeddable":true,"href":"http:\/\/blogs.lyceecfadumene.fr\/animalerie\/wp-json\/wp\/v2\/users\/43"}],"replies":[{"embeddable":true,"href":"http:\/\/blogs.lyceecfadumene.fr\/animalerie\/wp-json\/wp\/v2\/comments?post=1379"}],"version-history":[{"count":0,"href":"http:\/\/blogs.lyceecfadumene.fr\/animalerie\/wp-json\/wp\/v2\/posts\/1379\/revisions"}],"wp:attachment":[{"href":"http:\/\/blogs.lyceecfadumene.fr\/animalerie\/wp-json\/wp\/v2\/media?parent=1379"}],"wp:term":[{"taxonomy":"category","embeddable":true,"href":"http:\/\/blogs.lyceecfadumene.fr\/animalerie\/wp-json\/wp\/v2\/categories?post=1379"},{"taxonomy":"post_tag","embeddable":true,"href":"http:\/\/blogs.lyceecfadumene.fr\/animalerie\/wp-json\/wp\/v2\/tags?post=1379"}],"curies":[{"name":"wp","href":"https:\/\/api.w.org\/{rel}","templated":true}]}}